{"id":75713,"date":"2026-02-27T15:35:00","date_gmt":"2026-02-27T15:35:00","guid":{"rendered":"https:\/\/camping-latama.com\/sin-categoria\/el-tiempo-en-agde-disfruta-de-un-verano-indio-junto-al-mediterraneo\/"},"modified":"2026-02-27T15:35:00","modified_gmt":"2026-02-27T15:35:00","slug":"el-tiempo-en-agde-disfruta-de-un-verano-indio-junto-al-mediterraneo","status":"publish","type":"post","link":"https:\/\/camping-latama.com\/es\/herault\/agde\/el-tiempo-en-agde-disfruta-de-un-verano-indio-junto-al-mediterraneo\/","title":{"rendered":"El tiempo en Agde: disfruta de un verano indio junto al Mediterr\u00e1neo"},"content":{"rendered":"<h2>\u00bfPor qu\u00e9 el tiempo es una ventaja para tus vacaciones en La Tamarissi\u00e8re?<\/h2>\n<h3>Un clima mediterr\u00e1neo suave y soleado<\/h3>\n<p>En Agde, disfrutar\u00e1s de un <strong>clima t\u00edpicamente mediterr\u00e1neo<\/strong>. Mucho calor en julio y agosto, poca lluvia durante todo el a\u00f1o y, por supuesto, inviernos suaves.<br \/>\nComo te dir\u00e1n los lugare\u00f1os, el <strong>tiempo en Agde es incomparablemente agradable<\/strong>. Sobre todo a mediados de temporada, cuando vuelve la calma tras el ajetreo del periodo estival. Se instala un toque de suavidad, pero los d\u00edas siguen siendo calurosos y estimulantes&#8230;   <\/p>\n<p>A\u00fan est\u00e1s a tiempo de aprovechar la Grande Bleue, o de tomarte un respiro cerca del Etang de Thau, con sus fragancias yodadas que recuerdan al verano&#8230;<\/p>\n<p>&nbsp;<\/p>\n<h3>La ventaja del mar en el calor<\/h3>\n<p>Mientras que las ciudades grandes y c\u00e9ntricas se debaten bajo el aire c\u00e1lido y envolvente, la situaci\u00f3n de Agde junto al mar le da la ventaja de ser refrescante.<br \/>\nLa brisa y el horizonte marino hacen que el calor sea menos sofocante, con algunas corrientes de aire que nos sientan bien.<\/p>\n<p>Adem\u00e1s, <strong>no podemos recomendar Agde y su clima lo suficiente<\/strong> para unas vacaciones en familia, para los amantes del senderismo o incluso para los ciclistas y aficionados a los deportes acu\u00e1ticos&#8230;<\/p>\n<p>&nbsp;<\/p>\n<p><img loading=\"lazy\" decoding=\"async\" class=\"alignnone size-full wp-image-75292\" src=\"https:\/\/camping-latama.com\/wp-content\/uploads\/2026\/02\/meteo-agde1.jpg\" alt=\"El tiempo en Agde\" width=\"1127\" height=\"343\" srcset=\"https:\/\/camping-latama.com\/wp-content\/uploads\/2026\/02\/meteo-agde1.jpg 1127w, https:\/\/camping-latama.com\/wp-content\/uploads\/2026\/02\/meteo-agde1-300x91.jpg 300w, https:\/\/camping-latama.com\/wp-content\/uploads\/2026\/02\/meteo-agde1-1024x312.jpg 1024w, https:\/\/camping-latama.com\/wp-content\/uploads\/2026\/02\/meteo-agde1-768x234.jpg 768w, https:\/\/camping-latama.com\/wp-content\/uploads\/2026\/02\/meteo-agde1-1000x304.jpg 1000w\" sizes=\"auto, (max-width: 1127px) 100vw, 1127px\" \/><\/p>\n<h2><\/h2>\n<h2>Temperaturas medias en La Tamarissi\u00e8re y Agde<\/h2>\n<p>Como puedes ver, las temperaturas de esta tabla reflejan un a\u00f1o que, en general, destac\u00f3 por sus temperaturas suaves, incluso en invierno.<\/p>\n<p>Temperatura del aire :<\/p>\n<div class=\"table-responsive\">\n<table class=\"table\" style=\"height: 410px;\" width=\"760\">\n<thead>\n<tr>\n<th scope=\"col\"><b>Mes<\/b><\/th>\n<th scope=\"col\"><b>M\u00edn. M\u00edn (\u00b0C) <\/b><\/th>\n<th scope=\"col\"><b>M\u00e1x. M\u00e1x (\u00b0C) <\/b><\/th>\n<\/tr>\n<\/thead>\n<tbody>\n<tr>\n<td>Enero<\/td>\n<td>5<\/td>\n<td>12<\/td>\n<\/tr>\n<tr>\n<td>Febrero<\/td>\n<td>6<\/td>\n<td>13<\/td>\n<\/tr>\n<tr>\n<td>Marzo<\/td>\n<td>8<\/td>\n<td>15<\/td>\n<\/tr>\n<tr>\n<td>Abril<\/td>\n<td>10<\/td>\n<td>17<\/td>\n<\/tr>\n<tr>\n<td>Mayo<\/td>\n<td>14<\/td>\n<td>21<\/td>\n<\/tr>\n<tr>\n<td>Junio<\/td>\n<td>18<\/td>\n<td>26<\/td>\n<\/tr>\n<tr>\n<td>Julio<\/td>\n<td>21<\/td>\n<td>29<\/td>\n<\/tr>\n<tr>\n<td>Agosto<\/td>\n<td>21<\/td>\n<td>29<\/td>\n<\/tr>\n<tr>\n<td>Septiembre<\/td>\n<td>18<\/td>\n<td>26<\/td>\n<\/tr>\n<tr>\n<td>Octore<\/td>\n<td>14<\/td>\n<td>21<\/td>\n<\/tr>\n<tr>\n<td>Noviembre<\/td>\n<td>9<\/td>\n<td>16<\/td>\n<\/tr>\n<tr>\n<td>Diciembre<\/td>\n<td>6<\/td>\n<td>13<\/td>\n<\/tr>\n<\/tbody>\n<\/table>\n<\/div>\n<p>&nbsp;<\/p>\n<p>Temperatura del mar :<\/p>\n<div class=\"table-responsive\">\n<table class=\"table\" style=\"height: 410px;\" width=\"760\">\n<thead>\n<tr>\n<th scope=\"col\"><b>Mes<\/b><\/th>\n<th scope=\"col\"><b>Temperatura (\u00b0C)<\/b><\/th>\n<\/tr>\n<\/thead>\n<tbody>\n<tr>\n<td>Enero<\/td>\n<td>12<\/td>\n<\/tr>\n<tr>\n<td>Febrero<\/td>\n<td>12<\/td>\n<\/tr>\n<tr>\n<td>Marzo<\/td>\n<td>13<\/td>\n<\/tr>\n<tr>\n<td>Abril<\/td>\n<td>14<\/td>\n<\/tr>\n<tr>\n<td>Mayo<\/td>\n<td>17<\/td>\n<\/tr>\n<tr>\n<td>Junio<\/td>\n<td>20<\/td>\n<\/tr>\n<tr>\n<td>Julio<\/td>\n<td>23<\/td>\n<\/tr>\n<tr>\n<td>Agosto<\/td>\n<td>24<\/td>\n<\/tr>\n<tr>\n<td>Septiembre<\/td>\n<td>22<\/td>\n<\/tr>\n<tr>\n<td>Octore<\/td>\n<td>19<\/td>\n<\/tr>\n<tr>\n<td>Noviembre<\/td>\n<td>16<\/td>\n<\/tr>\n<tr>\n<td>Diciembre<\/td>\n<td>14<\/td>\n<\/tr>\n<\/tbody>\n<\/table>\n<\/div>\n<p>&nbsp;<\/p>\n<h2>Verano indio, \u00bfpor qu\u00e9 septiembre y octubre son ideales?<\/h2>\n<h3>\u00bfQu\u00e9 es el verano indio?<\/h3>\n<p>El verano indio se refiere a un periodo de <strong>buen tiempo en oto\u00f1o<\/strong>, caracterizado por d\u00edas soleados y temperaturas agradables, mucho despu\u00e9s del final oficial del verano.<\/p>\n<p>En <strong>Francia<\/strong>, este periodo suele ir de <strong>mediados de septiembre a finales de octubre<\/strong>. En la costa mediterr\u00e1nea, y sobre todo en Cap d&#8217;Agde, el verano indio ofrece las mejores condiciones para prolongar las vacaciones: <strong>sol generoso, temperaturas suaves (a menudo entre 20 y 25\u00b0C) y un mar todav\u00eda agradable para ba\u00f1arse<\/strong>. <\/p>\n<p>Tambi\u00e9n es un periodo muy popular para los veraneantes por sus <strong>ventajas \u00fanicas<\/strong>:<\/p>\n<ul>\n<li><strong>Menos concurridas<\/strong> que en pleno verano, perfectas para disfrutar de las playas con toda tranquilidad.<\/li>\n<li><strong>Precios m\u00e1s asequibles<\/strong> para el alojamiento y las actividades.<\/li>\n<li>Un <strong>ambiente m\u00e1s aut\u00e9ntico<\/strong>, lejos del ajetreo del verano.<\/li>\n<\/ul>\n<p>En resumen, el verano indio en Agde es la oportunidad ideal para <strong>vivir el Mediterr\u00e1neo de una forma diferente<\/strong>, con todo el encanto del verano&#8230; sin sus inconvenientes.<\/p>\n<p>&nbsp;<\/p>\n<h3>Actividades de verano en Agde<\/h3>\n<p><strong>El verano indio y el suave clima de Agde<\/strong> te permitir\u00e1n disfrutar de multitud de actividades&#8230;<br \/>\nTe encantar\u00e1 holgazanear en las c\u00e1lidas arenas de La Tamarissi\u00e8re, o pasear a pie o en bicicleta bajo los pl\u00e1tanos del Canal du Midi.<br \/>\nAgde y su patrimonio hist\u00f3rico tambi\u00e9n te encantar\u00e1n en esta \u00e9poca del a\u00f1o.<br \/>\nCon sus calles m\u00e1s tranquilas, es el momento de observar y descubrir los restos de una ciudad antigua, marcada por su piedra bas\u00e1ltica.<\/p>\n<p>Lo mismo vale para descubrir el interior. Sum\u00e9rgete en la naturaleza y la cultura, con numerosos lugares de visita obligada: <\/p>\n<ul>\n<li>Saint-Guilhem-le-d\u00e9sert<\/li>\n<li>P\u00e9zenas<\/li>\n<li>Lago de Salagou y Circo de Mour\u00e8ze<\/li>\n<li>Circo de Navacelles<\/li>\n<\/ul>\n<p>En definitiva, no te faltar\u00e1n opciones para disfrutar de las actividades durante el verano indio en Agde, con su ambiente fresco y tranquilo&#8230;<\/p>\n<p>&nbsp;<\/p>\n<p><strong>Lee tambi\u00e9n<\/strong>: Vacaciones en el Canal du Midi: gu\u00eda completa para acampar y explorar<\/p>\n<p>&nbsp;<\/p>\n<p><img loading=\"lazy\" decoding=\"async\" class=\"alignnone size-full wp-image-75291\" src=\"https:\/\/camping-latama.com\/wp-content\/uploads\/2026\/02\/meteo-agde.jpg\" alt=\"\" width=\"1127\" height=\"343\" srcset=\"https:\/\/camping-latama.com\/wp-content\/uploads\/2026\/02\/meteo-agde.jpg 1127w, https:\/\/camping-latama.com\/wp-content\/uploads\/2026\/02\/meteo-agde-300x91.jpg 300w, https:\/\/camping-latama.com\/wp-content\/uploads\/2026\/02\/meteo-agde-1024x312.jpg 1024w, https:\/\/camping-latama.com\/wp-content\/uploads\/2026\/02\/meteo-agde-768x234.jpg 768w, https:\/\/camping-latama.com\/wp-content\/uploads\/2026\/02\/meteo-agde-1000x304.jpg 1000w\" sizes=\"auto, (max-width: 1127px) 100vw, 1127px\" \/><\/p>\n<h2><\/h2>\n<h2>Consejos pr\u00e1cticos para disfrutar de La Tamarissi\u00e8re en todas las estaciones<\/h2>\n<h3>Qu\u00e9 meter en la maleta<\/h3>\n<p>Hacer la maleta depende de la \u00e9poca del a\u00f1o en que vengas a alojarte a <strong>La Tamarissi\u00e8re<\/strong>, cerca de Cap d&#8217;Agde. Aqu\u00ed tienes nuestras recomendaciones: <\/p>\n<p><strong>Verano<\/strong>: Ba\u00f1adores, gafas de sol, crema solar, sombreros, ropa ligera y sandalias.<\/p>\n<p><strong>Primavera \/ Oto\u00f1o<\/strong>: Acu\u00e9rdate de meter en la maleta una chaqueta ligera o un cortavientos para las noches frescas y la brisa marina.<\/p>\n<p><strong>Invierno<\/strong>: basta con ropa m\u00e1s abrigada, como jerseys y abrigos ligeros, ya que el clima sigue siendo suave, raramente por debajo de 5\u00b0C.<\/p>\n<p>Consejo: <strong>Incluso en verano, guarda un chaleco en tu equipaje<\/strong>, ya que por las noches puede refrescar un poco debido a la brisa marina.<\/p>\n<p>&nbsp;<\/p>\n<h3>\u00bfQu\u00e9 hacer en caso de viento y lluvia?<\/h3>\n<p>No te preocupes, llueva o haga sol, La <strong>Tamarissi\u00e8re y Cap d&#8217;Agde est\u00e1n llenos de actividades de interior<\/strong>: <\/p>\n<ul>\n<li><strong>Descubrimientos culturales<\/strong>: Museo del \u00c9feso, exposiciones locales.<\/li>\n<li><strong>Gastronom\u00eda local<\/strong>: Prueba las ostras del Etang de Thau, acompa\u00f1adas de un vaso de vino de Languedoc.<\/li>\n<li><strong>Deportes acu\u00e1ticos adaptados al viento<\/strong>: el kitesurf y el windsurf siguen siendo posibles <strong>cuando sopla la tramontana<\/strong>.<\/li>\n<\/ul>\n<p><strong>Leer tambi\u00e9n<\/strong>: Eventos en Agde: \u00bfqu\u00e9 hacer en los alrededores del camping La Tamarissi\u00e8re?<\/p>\n<p>&nbsp;<\/p>\n<p>\u00a1Ven a pasar tu verano indio en <strong>La Tamarissi\u00e8re<\/strong>!<\/p>\n<p>Disfruta de un acceso privilegiado a una <strong>playa virgen<\/strong>, con su encanto salvaje y su exuberante vegetaci\u00f3n. Mucho menos concurrida que las playas m\u00e1s grandes de Cap d&#8217;Agde, sigue siendo un aut\u00e9ntico <strong>rinc\u00f3n secreto<\/strong>, ideal para familias en busca de paz y autenticidad. <\/p>\n","protected":false},"excerpt":{"rendered":"<p>\u00bfPor qu\u00e9 el tiempo es una ventaja para tus vacaciones en La Tamarissi\u00e8re? Un clima mediterr\u00e1neo suave y soleado En Agde, disfrutar\u00e1s de un clima t\u00edpicamente mediterr\u00e1neo. Mucho calor en julio y agosto, poca lluvia durante todo el a\u00f1o y, por supuesto, inviernos suaves. Como te dir\u00e1n los lugare\u00f1os, el tiempo en Agde es incomparablemente [&hellip;]<\/p>\n","protected":false},"author":5,"featured_media":75715,"comment_status":"open","ping_status":"closed","sticky":false,"template":"","format":"standard","meta":{"_acf_changed":false,"inline_featured_image":false,"footnotes":""},"categories":[103],"tags":[],"class_list":["post-75713","post","type-post","status-publish","format-standard","has-post-thumbnail","hentry","category-agde"],"acf":[],"yoast_head":"<!-- This site is optimized with the Yoast SEO plugin v27.4 - https:\/\/yoast.com\/product\/yoast-seo-wordpress\/ -->\n<title>Tiempo Agde : Clima, temperaturas y verano indio en La Tamarissi\u00e8re<\/title>\n<meta name=\"description\" content=\"Planifica tu estancia en Agde: inf\u00f3rmate sobre el clima, las temperaturas por estaciones y por qu\u00e9 el verano indio es la \u00e9poca ideal para tus vacaciones en La Tamarissi\u00e8re.\" \/>\n<meta name=\"robots\" content=\"index, follow, max-snippet:-1, max-image-preview:large, max-video-preview:-1\" \/>\n<link rel=\"canonical\" href=\"https:\/\/camping-latama.com\/es\/herault\/agde\/el-tiempo-en-agde-disfruta-de-un-verano-indio-junto-al-mediterraneo\/\" \/>\n<meta property=\"og:locale\" content=\"es_ES\" \/>\n<meta property=\"og:type\" content=\"article\" \/>\n<meta property=\"og:title\" content=\"Tiempo Agde : Clima, temperaturas y verano indio en La Tamarissi\u00e8re\" \/>\n<meta property=\"og:description\" content=\"Planifica tu estancia en Agde: inf\u00f3rmate sobre el clima, las temperaturas por estaciones y por qu\u00e9 el verano indio es la \u00e9poca ideal para tus vacaciones en La Tamarissi\u00e8re.\" \/>\n<meta property=\"og:url\" content=\"https:\/\/camping-latama.com\/es\/herault\/agde\/el-tiempo-en-agde-disfruta-de-un-verano-indio-junto-al-mediterraneo\/\" \/>\n<meta property=\"og:site_name\" content=\"Camping La Tama\" \/>\n<meta property=\"article:published_time\" content=\"2026-02-27T15:35:00+00:00\" \/>\n<meta property=\"og:image\" content=\"https:\/\/camping-latama.com\/wp-content\/uploads\/2026\/02\/meteo-agde3.jpg\" \/>\n\t<meta property=\"og:image:width\" content=\"1920\" \/>\n\t<meta property=\"og:image:height\" content=\"715\" \/>\n\t<meta property=\"og:image:type\" content=\"image\/jpeg\" \/>\n<meta name=\"author\" content=\"Camping la Tamarissiere\" \/>\n<meta name=\"twitter:card\" content=\"summary_large_image\" \/>\n<meta name=\"twitter:label1\" content=\"Escrito por\" \/>\n\t<meta name=\"twitter:data1\" content=\"Camping la Tamarissiere\" \/>\n\t<meta name=\"twitter:label2\" content=\"Tiempo de lectura\" \/>\n\t<meta name=\"twitter:data2\" content=\"5 minutos\" \/>\n<script type=\"application\/ld+json\" class=\"yoast-schema-graph\">{\"@context\":\"https:\\\/\\\/schema.org\",\"@graph\":[{\"@type\":\"Article\",\"@id\":\"https:\\\/\\\/camping-latama.com\\\/es\\\/herault\\\/agde\\\/el-tiempo-en-agde-disfruta-de-un-verano-indio-junto-al-mediterraneo\\\/#article\",\"isPartOf\":{\"@id\":\"https:\\\/\\\/camping-latama.com\\\/es\\\/herault\\\/agde\\\/el-tiempo-en-agde-disfruta-de-un-verano-indio-junto-al-mediterraneo\\\/\"},\"author\":{\"name\":\"Camping la Tamarissiere\",\"@id\":\"https:\\\/\\\/camping-latama.com\\\/es\\\/#\\\/schema\\\/person\\\/5c5865bc2962a9073e655a35378b0889\"},\"headline\":\"El tiempo en Agde: disfruta de un verano indio junto al Mediterr\u00e1neo\",\"datePublished\":\"2026-02-27T15:35:00+00:00\",\"mainEntityOfPage\":{\"@id\":\"https:\\\/\\\/camping-latama.com\\\/es\\\/herault\\\/agde\\\/el-tiempo-en-agde-disfruta-de-un-verano-indio-junto-al-mediterraneo\\\/\"},\"wordCount\":938,\"commentCount\":0,\"image\":{\"@id\":\"https:\\\/\\\/camping-latama.com\\\/es\\\/herault\\\/agde\\\/el-tiempo-en-agde-disfruta-de-un-verano-indio-junto-al-mediterraneo\\\/#primaryimage\"},\"thumbnailUrl\":\"https:\\\/\\\/camping-latama.com\\\/wp-content\\\/uploads\\\/2026\\\/02\\\/meteo-agde3.jpg\",\"articleSection\":[\"Agde\"],\"inLanguage\":\"es\",\"potentialAction\":[{\"@type\":\"CommentAction\",\"name\":\"Comment\",\"target\":[\"https:\\\/\\\/camping-latama.com\\\/es\\\/herault\\\/agde\\\/el-tiempo-en-agde-disfruta-de-un-verano-indio-junto-al-mediterraneo\\\/#respond\"]}]},{\"@type\":\"WebPage\",\"@id\":\"https:\\\/\\\/camping-latama.com\\\/es\\\/herault\\\/agde\\\/el-tiempo-en-agde-disfruta-de-un-verano-indio-junto-al-mediterraneo\\\/\",\"url\":\"https:\\\/\\\/camping-latama.com\\\/es\\\/herault\\\/agde\\\/el-tiempo-en-agde-disfruta-de-un-verano-indio-junto-al-mediterraneo\\\/\",\"name\":\"Tiempo Agde : Clima, temperaturas y verano indio en La Tamarissi\u00e8re\",\"isPartOf\":{\"@id\":\"https:\\\/\\\/camping-latama.com\\\/es\\\/#website\"},\"primaryImageOfPage\":{\"@id\":\"https:\\\/\\\/camping-latama.com\\\/es\\\/herault\\\/agde\\\/el-tiempo-en-agde-disfruta-de-un-verano-indio-junto-al-mediterraneo\\\/#primaryimage\"},\"image\":{\"@id\":\"https:\\\/\\\/camping-latama.com\\\/es\\\/herault\\\/agde\\\/el-tiempo-en-agde-disfruta-de-un-verano-indio-junto-al-mediterraneo\\\/#primaryimage\"},\"thumbnailUrl\":\"https:\\\/\\\/camping-latama.com\\\/wp-content\\\/uploads\\\/2026\\\/02\\\/meteo-agde3.jpg\",\"datePublished\":\"2026-02-27T15:35:00+00:00\",\"author\":{\"@id\":\"https:\\\/\\\/camping-latama.com\\\/es\\\/#\\\/schema\\\/person\\\/5c5865bc2962a9073e655a35378b0889\"},\"description\":\"Planifica tu estancia en Agde: inf\u00f3rmate sobre el clima, las temperaturas por estaciones y por qu\u00e9 el verano indio es la \u00e9poca ideal para tus vacaciones en La Tamarissi\u00e8re.\",\"breadcrumb\":{\"@id\":\"https:\\\/\\\/camping-latama.com\\\/es\\\/herault\\\/agde\\\/el-tiempo-en-agde-disfruta-de-un-verano-indio-junto-al-mediterraneo\\\/#breadcrumb\"},\"inLanguage\":\"es\",\"potentialAction\":[{\"@type\":\"ReadAction\",\"target\":[\"https:\\\/\\\/camping-latama.com\\\/es\\\/herault\\\/agde\\\/el-tiempo-en-agde-disfruta-de-un-verano-indio-junto-al-mediterraneo\\\/\"]}]},{\"@type\":\"ImageObject\",\"inLanguage\":\"es\",\"@id\":\"https:\\\/\\\/camping-latama.com\\\/es\\\/herault\\\/agde\\\/el-tiempo-en-agde-disfruta-de-un-verano-indio-junto-al-mediterraneo\\\/#primaryimage\",\"url\":\"https:\\\/\\\/camping-latama.com\\\/wp-content\\\/uploads\\\/2026\\\/02\\\/meteo-agde3.jpg\",\"contentUrl\":\"https:\\\/\\\/camping-latama.com\\\/wp-content\\\/uploads\\\/2026\\\/02\\\/meteo-agde3.jpg\",\"width\":1920,\"height\":715,\"caption\":\"El tiempo en Agde\"},{\"@type\":\"BreadcrumbList\",\"@id\":\"https:\\\/\\\/camping-latama.com\\\/es\\\/herault\\\/agde\\\/el-tiempo-en-agde-disfruta-de-un-verano-indio-junto-al-mediterraneo\\\/#breadcrumb\",\"itemListElement\":[{\"@type\":\"ListItem\",\"position\":1,\"name\":\"Camping Cap d'Agde\",\"item\":\"https:\\\/\\\/camping-latama.com\\\/es\\\/inicio\\\/\"},{\"@type\":\"ListItem\",\"position\":2,\"name\":\"H\u00e9rault\",\"item\":\"https:\\\/\\\/camping-latama.com\\\/es\\\/herault\\\/\"},{\"@type\":\"ListItem\",\"position\":3,\"name\":\"Agde\",\"item\":\"https:\\\/\\\/camping-latama.com\\\/es\\\/herault\\\/agde\\\/\"},{\"@type\":\"ListItem\",\"position\":4,\"name\":\"Tiempo Agde\"}]},{\"@type\":\"WebSite\",\"@id\":\"https:\\\/\\\/camping-latama.com\\\/es\\\/#website\",\"url\":\"https:\\\/\\\/camping-latama.com\\\/es\\\/\",\"name\":\"Camping La Tamarissi\u00e8re\",\"description\":\"\",\"potentialAction\":[{\"@type\":\"SearchAction\",\"target\":{\"@type\":\"EntryPoint\",\"urlTemplate\":\"https:\\\/\\\/camping-latama.com\\\/es\\\/?s={search_term_string}\"},\"query-input\":{\"@type\":\"PropertyValueSpecification\",\"valueRequired\":true,\"valueName\":\"search_term_string\"}}],\"inLanguage\":\"es\"},{\"@type\":\"Person\",\"@id\":\"https:\\\/\\\/camping-latama.com\\\/es\\\/#\\\/schema\\\/person\\\/5c5865bc2962a9073e655a35378b0889\",\"name\":\"Camping la Tamarissiere\",\"image\":{\"@type\":\"ImageObject\",\"inLanguage\":\"es\",\"@id\":\"https:\\\/\\\/secure.gravatar.com\\\/avatar\\\/242a1bc4b662f1f45b7599579d22ad28dd1d731e84d15dab387bff556238716e?s=96&d=mm&r=g\",\"url\":\"https:\\\/\\\/secure.gravatar.com\\\/avatar\\\/242a1bc4b662f1f45b7599579d22ad28dd1d731e84d15dab387bff556238716e?s=96&d=mm&r=g\",\"contentUrl\":\"https:\\\/\\\/secure.gravatar.com\\\/avatar\\\/242a1bc4b662f1f45b7599579d22ad28dd1d731e84d15dab387bff556238716e?s=96&d=mm&r=g\",\"caption\":\"Camping la Tamarissiere\"}}]}<\/script>\n<!-- \/ Yoast SEO plugin. -->","yoast_head_json":{"title":"Tiempo Agde : Clima, temperaturas y verano indio en La Tamarissi\u00e8re","description":"Planifica tu estancia en Agde: inf\u00f3rmate sobre el clima, las temperaturas por estaciones y por qu\u00e9 el verano indio es la \u00e9poca ideal para tus vacaciones en La Tamarissi\u00e8re.","robots":{"index":"index","follow":"follow","max-snippet":"max-snippet:-1","max-image-preview":"max-image-preview:large","max-video-preview":"max-video-preview:-1"},"canonical":"https:\/\/camping-latama.com\/es\/herault\/agde\/el-tiempo-en-agde-disfruta-de-un-verano-indio-junto-al-mediterraneo\/","og_locale":"es_ES","og_type":"article","og_title":"Tiempo Agde : Clima, temperaturas y verano indio en La Tamarissi\u00e8re","og_description":"Planifica tu estancia en Agde: inf\u00f3rmate sobre el clima, las temperaturas por estaciones y por qu\u00e9 el verano indio es la \u00e9poca ideal para tus vacaciones en La Tamarissi\u00e8re.","og_url":"https:\/\/camping-latama.com\/es\/herault\/agde\/el-tiempo-en-agde-disfruta-de-un-verano-indio-junto-al-mediterraneo\/","og_site_name":"Camping La Tama","article_published_time":"2026-02-27T15:35:00+00:00","og_image":[{"width":1920,"height":715,"url":"https:\/\/camping-latama.com\/wp-content\/uploads\/2026\/02\/meteo-agde3.jpg","type":"image\/jpeg"}],"author":"Camping la Tamarissiere","twitter_card":"summary_large_image","twitter_misc":{"Escrito por":"Camping la Tamarissiere","Tiempo de lectura":"5 minutos"},"schema":{"@context":"https:\/\/schema.org","@graph":[{"@type":"Article","@id":"https:\/\/camping-latama.com\/es\/herault\/agde\/el-tiempo-en-agde-disfruta-de-un-verano-indio-junto-al-mediterraneo\/#article","isPartOf":{"@id":"https:\/\/camping-latama.com\/es\/herault\/agde\/el-tiempo-en-agde-disfruta-de-un-verano-indio-junto-al-mediterraneo\/"},"author":{"name":"Camping la Tamarissiere","@id":"https:\/\/camping-latama.com\/es\/#\/schema\/person\/5c5865bc2962a9073e655a35378b0889"},"headline":"El tiempo en Agde: disfruta de un verano indio junto al Mediterr\u00e1neo","datePublished":"2026-02-27T15:35:00+00:00","mainEntityOfPage":{"@id":"https:\/\/camping-latama.com\/es\/herault\/agde\/el-tiempo-en-agde-disfruta-de-un-verano-indio-junto-al-mediterraneo\/"},"wordCount":938,"commentCount":0,"image":{"@id":"https:\/\/camping-latama.com\/es\/herault\/agde\/el-tiempo-en-agde-disfruta-de-un-verano-indio-junto-al-mediterraneo\/#primaryimage"},"thumbnailUrl":"https:\/\/camping-latama.com\/wp-content\/uploads\/2026\/02\/meteo-agde3.jpg","articleSection":["Agde"],"inLanguage":"es","potentialAction":[{"@type":"CommentAction","name":"Comment","target":["https:\/\/camping-latama.com\/es\/herault\/agde\/el-tiempo-en-agde-disfruta-de-un-verano-indio-junto-al-mediterraneo\/#respond"]}]},{"@type":"WebPage","@id":"https:\/\/camping-latama.com\/es\/herault\/agde\/el-tiempo-en-agde-disfruta-de-un-verano-indio-junto-al-mediterraneo\/","url":"https:\/\/camping-latama.com\/es\/herault\/agde\/el-tiempo-en-agde-disfruta-de-un-verano-indio-junto-al-mediterraneo\/","name":"Tiempo Agde : Clima, temperaturas y verano indio en La Tamarissi\u00e8re","isPartOf":{"@id":"https:\/\/camping-latama.com\/es\/#website"},"primaryImageOfPage":{"@id":"https:\/\/camping-latama.com\/es\/herault\/agde\/el-tiempo-en-agde-disfruta-de-un-verano-indio-junto-al-mediterraneo\/#primaryimage"},"image":{"@id":"https:\/\/camping-latama.com\/es\/herault\/agde\/el-tiempo-en-agde-disfruta-de-un-verano-indio-junto-al-mediterraneo\/#primaryimage"},"thumbnailUrl":"https:\/\/camping-latama.com\/wp-content\/uploads\/2026\/02\/meteo-agde3.jpg","datePublished":"2026-02-27T15:35:00+00:00","author":{"@id":"https:\/\/camping-latama.com\/es\/#\/schema\/person\/5c5865bc2962a9073e655a35378b0889"},"description":"Planifica tu estancia en Agde: inf\u00f3rmate sobre el clima, las temperaturas por estaciones y por qu\u00e9 el verano indio es la \u00e9poca ideal para tus vacaciones en La Tamarissi\u00e8re.","breadcrumb":{"@id":"https:\/\/camping-latama.com\/es\/herault\/agde\/el-tiempo-en-agde-disfruta-de-un-verano-indio-junto-al-mediterraneo\/#breadcrumb"},"inLanguage":"es","potentialAction":[{"@type":"ReadAction","target":["https:\/\/camping-latama.com\/es\/herault\/agde\/el-tiempo-en-agde-disfruta-de-un-verano-indio-junto-al-mediterraneo\/"]}]},{"@type":"ImageObject","inLanguage":"es","@id":"https:\/\/camping-latama.com\/es\/herault\/agde\/el-tiempo-en-agde-disfruta-de-un-verano-indio-junto-al-mediterraneo\/#primaryimage","url":"https:\/\/camping-latama.com\/wp-content\/uploads\/2026\/02\/meteo-agde3.jpg","contentUrl":"https:\/\/camping-latama.com\/wp-content\/uploads\/2026\/02\/meteo-agde3.jpg","width":1920,"height":715,"caption":"El tiempo en Agde"},{"@type":"BreadcrumbList","@id":"https:\/\/camping-latama.com\/es\/herault\/agde\/el-tiempo-en-agde-disfruta-de-un-verano-indio-junto-al-mediterraneo\/#breadcrumb","itemListElement":[{"@type":"ListItem","position":1,"name":"Camping Cap d'Agde","item":"https:\/\/camping-latama.com\/es\/inicio\/"},{"@type":"ListItem","position":2,"name":"H\u00e9rault","item":"https:\/\/camping-latama.com\/es\/herault\/"},{"@type":"ListItem","position":3,"name":"Agde","item":"https:\/\/camping-latama.com\/es\/herault\/agde\/"},{"@type":"ListItem","position":4,"name":"Tiempo Agde"}]},{"@type":"WebSite","@id":"https:\/\/camping-latama.com\/es\/#website","url":"https:\/\/camping-latama.com\/es\/","name":"Camping La Tamarissi\u00e8re","description":"","potentialAction":[{"@type":"SearchAction","target":{"@type":"EntryPoint","urlTemplate":"https:\/\/camping-latama.com\/es\/?s={search_term_string}"},"query-input":{"@type":"PropertyValueSpecification","valueRequired":true,"valueName":"search_term_string"}}],"inLanguage":"es"},{"@type":"Person","@id":"https:\/\/camping-latama.com\/es\/#\/schema\/person\/5c5865bc2962a9073e655a35378b0889","name":"Camping la Tamarissiere","image":{"@type":"ImageObject","inLanguage":"es","@id":"https:\/\/secure.gravatar.com\/avatar\/242a1bc4b662f1f45b7599579d22ad28dd1d731e84d15dab387bff556238716e?s=96&d=mm&r=g","url":"https:\/\/secure.gravatar.com\/avatar\/242a1bc4b662f1f45b7599579d22ad28dd1d731e84d15dab387bff556238716e?s=96&d=mm&r=g","contentUrl":"https:\/\/secure.gravatar.com\/avatar\/242a1bc4b662f1f45b7599579d22ad28dd1d731e84d15dab387bff556238716e?s=96&d=mm&r=g","caption":"Camping la Tamarissiere"}}]}},"_links":{"self":[{"href":"https:\/\/camping-latama.com\/es\/wp-json\/wp\/v2\/posts\/75713","targetHints":{"allow":["GET"]}}],"collection":[{"href":"https:\/\/camping-latama.com\/es\/wp-json\/wp\/v2\/posts"}],"about":[{"href":"https:\/\/camping-latama.com\/es\/wp-json\/wp\/v2\/types\/post"}],"author":[{"embeddable":true,"href":"https:\/\/camping-latama.com\/es\/wp-json\/wp\/v2\/users\/5"}],"replies":[{"embeddable":true,"href":"https:\/\/camping-latama.com\/es\/wp-json\/wp\/v2\/comments?post=75713"}],"version-history":[{"count":0,"href":"https:\/\/camping-latama.com\/es\/wp-json\/wp\/v2\/posts\/75713\/revisions"}],"wp:featuredmedia":[{"embeddable":true,"href":"https:\/\/camping-latama.com\/es\/wp-json\/wp\/v2\/media\/75715"}],"wp:attachment":[{"href":"https:\/\/camping-latama.com\/es\/wp-json\/wp\/v2\/media?parent=75713"}],"wp:term":[{"taxonomy":"category","embeddable":true,"href":"https:\/\/camping-latama.com\/es\/wp-json\/wp\/v2\/categories?post=75713"},{"taxonomy":"post_tag","embeddable":true,"href":"https:\/\/camping-latama.com\/es\/wp-json\/wp\/v2\/tags?post=75713"}],"curies":[{"name":"wp","href":"https:\/\/api.w.org\/{rel}","templated":true}]}}