{"id":75684,"date":"2026-03-06T08:10:26","date_gmt":"2026-03-06T08:10:26","guid":{"rendered":"https:\/\/camping-latama.com\/sin-categoria\/el-legendario-deudeuche-una-mirada-retrospectiva-a-un-icono-frances\/"},"modified":"2026-03-06T08:10:26","modified_gmt":"2026-03-06T08:10:26","slug":"el-legendario-deudeuche-una-mirada-retrospectiva-a-un-icono-frances","status":"publish","type":"post","link":"https:\/\/camping-latama.com\/es\/herault\/el-legendario-deudeuche-una-mirada-retrospectiva-a-un-icono-frances\/","title":{"rendered":"El legendario Deudeuche: una mirada retrospectiva a un icono franc\u00e9s"},"content":{"rendered":"<p>Como muchas otras ciudades de Francia, <strong>Agde y sus estaciones balnearias<\/strong> acogen regularmente manifestaciones en las que los apasionados de los veh\u00edculos de \u00e9poca pueden reunirse para compartir su pasi\u00f3n y, sobre todo, para exponer sus propios ejemplares. Uno de estos eventos, que se celebra en mayo, es una oportunidad para que se re\u00fanan los entusiastas del legendario <strong>2CV CITRO\u00cbN<\/strong>. <\/p>\n<p>Durante un fin de semana, toda la ciudad podr\u00e1 ver y o\u00edr este famoso coche en todas sus formas y colores de producci\u00f3n. Y mucho m\u00e1s, ya que se expondr\u00e1n algunos de los prototipos construidos por ingeniosos miembros del equipo. <\/p>\n<p>&nbsp;<\/p>\n<h2>El Deuco, la historia de un mito<\/h2>\n<p>Apodado <strong>\u00abdeuche<\/strong> \u00ab, <strong>\u00abdeudeuche<\/strong> \u00bb o <strong>\u00abdeux pattes<\/strong> \u00bb en referencia a su motor bicil\u00edndrico, se fabricaron m\u00e1s de cinco millones entre <strong>1948 y 1990<\/strong>. Pero, \u00bfconoces la historia de uno de los diez coches franceses m\u00e1s vendidos de la historia? <\/p>\n<p>En 1939 vio la luz el prototipo del <strong>Citro\u00ebn 2CV<\/strong>. Este \u00abpatito feo\u00bb de chapa ondulada, reconocible por su \u00fanico faro, el limpiaparabrisas y la manivela de arranque, iba a ser un concepto que resistir\u00eda el paso del tiempo. En aquel momento, nadie pod\u00eda imaginar que este coche de chapa, con una chapa como techo, se convertir\u00eda en uno de los mayores \u00e9xitos automovil\u00edsticos de Francia.  <\/p>\n<p>No fue hasta el final de la guerra cuando apareci\u00f3 el primer modelo, dise\u00f1ado para cumplir las especificaciones y requisitos de la inmediata posguerra.<\/p>\n<p>&nbsp;<\/p>\n<h3>Se ha puesto en marcha el proyecto TPV (Toute Petite Voiture).<\/h3>\n<p>En una \u00e9poca en la que, por ejemplo, los agricultores ten\u00edan pocos veh\u00edculos, ten\u00edamos que ser capaces de ofrecer uno que no estuviera dirigido a clientes ricos o urbanos.<br \/>\nDe hecho, \u00bfno dec\u00edan las especificaciones del <strong>2CV<\/strong> que este Citro\u00ebn deb\u00eda   <strong>ser capaz de cruzar un campo arado con una cesta de huevos en el maletero?<\/strong><\/p>\n<p>Y el objetivo se conseguir\u00e1.<br \/>\nEl coche ser\u00e1 ultraecon\u00f3mico. Su carrocer\u00eda estar\u00eda hecha de chapa estriada, sus asientos de tubos y su techo cubierto de una lona que podr\u00eda enrollarse para transformarlo en descapotable. R\u00fastico, el <strong>2CV<\/strong> ser\u00eda sin embargo un coche t\u00e9cnicamente inteligente. Su diminuto motor plano de dos cilindros y su sistema de refrigeraci\u00f3n por aire le permit\u00edan soportar bajas temperaturas. No hab\u00eda riesgo de que se congelara el agua de refrigeraci\u00f3n, porque no hab\u00eda ninguna. La suspensi\u00f3n es original, aunque tenga tendencia a balancear a sus ocupantes de un lado a otro sobre los baches.     <\/p>\n<p>Fue el 07 de octubre de 1948 cuando el 2CV luch\u00f3 por salir de las sombras. Presentado bajo una lona en el Sal\u00f3n del Autom\u00f3vil, fue desvelado por el Presidente de la Rep\u00fablica, Ren\u00e9 COTY. No se mostr\u00f3 muy entusiasmado cuando vio esta lata sobre cuatro ruedas. Estaba muy lejos de las prestigiosas producciones de la \u00e9poca, como el Traction. No s\u00f3lo el Presidente de la Rep\u00fablica no estaba entusiasmado. El p\u00fablico tambi\u00e9n rechaz\u00f3 el coche que, varios a\u00f1os despu\u00e9s, producir\u00eda el efecto <strong>\u00abDeudeuche<\/strong> \u00ab. Es cierto que, a finales de 1948, el 2CV a\u00fan no estaba perfeccionado.      <\/p>\n<p>Con el tiempo, este peque\u00f1o coche urbano, cuyo motor produce ese ruido caracter\u00edstico y ese tono agradable, encontrar\u00e1 su lugar entre el p\u00fablico, j\u00f3venes y mayores, y evolucionar\u00e1 favorablemente con sus nuevas prestaciones.<\/p>\n<p>Y la producci\u00f3n no siempre estaba preparada para satisfacer la creciente demanda. La moda dur\u00f3 hasta principios de los 90. El deudeuche se presentaba en una amplia gama de modelos y versiones, con colores que iban de la sobriedad a lo brillante y resplandeciente. Hab\u00eda para todos los gustos, y nadie pod\u00eda resistirse a uno de ellos.   <\/p>\n<p><img loading=\"lazy\" decoding=\"async\" class=\"alignnone wp-image-74850 size-full\" src=\"https:\/\/camping-latama.com\/wp-content\/uploads\/2026\/03\/mythique-deudeuche-icone-francaise-2.jpeg\" alt=\"m\u00edtico icono franc\u00e9s deudeuche\" width=\"1127\" height=\"343\" srcset=\"https:\/\/camping-latama.com\/wp-content\/uploads\/2026\/03\/mythique-deudeuche-icone-francaise-2.jpeg 1127w, https:\/\/camping-latama.com\/wp-content\/uploads\/2026\/03\/mythique-deudeuche-icone-francaise-2-300x91.jpeg 300w, https:\/\/camping-latama.com\/wp-content\/uploads\/2026\/03\/mythique-deudeuche-icone-francaise-2-1024x312.jpeg 1024w, https:\/\/camping-latama.com\/wp-content\/uploads\/2026\/03\/mythique-deudeuche-icone-francaise-2-768x234.jpeg 768w, https:\/\/camping-latama.com\/wp-content\/uploads\/2026\/03\/mythique-deudeuche-icone-francaise-2-1000x304.jpeg 1000w\" sizes=\"auto, (max-width: 1127px) 100vw, 1127px\" \/><\/p>\n<h2><\/h2>\n<h2>La Deudeuche, el fin de una era<\/h2>\n<p>Por desgracia, las normativas cada vez m\u00e1s estrictas en materia de seguridad y contaminaci\u00f3n iban a repercutir en el<strong> 2CV<\/strong>, que iba a ser rechazado por muchos pa\u00edses. El coche urbano envejec\u00eda cada vez m\u00e1s y ya no estaba a la altura de los tiempos. Sobre todo, era caro de producir. Su dise\u00f1o (completamente desmontable) requer\u00eda mucha mano de obra, porque se montaba a mano, mientras que otros coches se fabricaban en cadenas de montaje robotizadas.   <\/p>\n<p>En un \u00faltimo suspiro, se fabricaron 8.000 unidades del <strong>2CV 6 CHARLESTON<\/strong>, en negro y rojo DELAGE. El 26 de julio de 1990, el \u00faltimo 2CV sale de la cadena de producci\u00f3n de la planta de MANGUALDE, en Portugal, en su \u00faltima versi\u00f3n, el CHARLESTON, pero en gris cormor\u00e1n-gris noche. Se reserv\u00f3 para el director de la planta.  <\/p>\n<p>Tras cuarenta a\u00f1os de producci\u00f3n, es el fin de un mito y de una gran \u00e9poca. Una \u00e9poca en la que este peque\u00f1o veh\u00edculo, que pod\u00edas observar mientras circulaba por las carreteras a un ritmo lento, no era raro ver cabezas asomando por el techo cuando la capota estaba enrollada en la parte trasera. <\/p>\n<h2><\/h2>\n<h2>La Folie Deuch\u00bb en la costa de Agatha<\/h2>\n<p>Gracias a los entusiastas de hoy en d\u00eda, el <strong>mito del deuche sigue vivo en la costa de Agatha<\/strong> con  <strong>La Folie Deuch&#8217;.<\/strong>  A lo largo de un fin de semana, este acontecimiento re\u00fane a  <strong>2CV y Meharis en La Tamarissi\u00e8re, Grau d&#8217;Agde, Cap d&#8217;Agde y Marseillan Plage.<\/strong><\/p>\n<p><strong>Del 12 al 14 de mayo de 2023<\/strong>, se esperan m\u00e1s de 1.000 participantes para esta segunda edici\u00f3n. Algunos participantes incluso se alojar\u00e1n en el <strong>camping<\/strong> de <strong>La<\/strong> Tamarissi\u00e8re, lo que te dar\u00e1 a\u00fan m\u00e1s tiempo para admirar estos coches cl\u00e1sicos. As\u00ed que reun\u00e1monos pronto en La Tamarissi\u00e8re para admirar los coches que se est\u00e1n convirtiendo en dinosaurios con el paso del tiempo.  <\/p>\n","protected":false},"excerpt":{"rendered":"<p>Como muchas otras ciudades de Francia, Agde y sus estaciones balnearias acogen regularmente manifestaciones en las que los apasionados de los veh\u00edculos de \u00e9poca pueden reunirse para compartir su pasi\u00f3n y, sobre todo, para exponer sus propios ejemplares. Uno de estos eventos, que se celebra en mayo, es una oportunidad para que se re\u00fanan los [&hellip;]<\/p>\n","protected":false},"author":5,"featured_media":75685,"comment_status":"open","ping_status":"closed","sticky":false,"template":"","format":"standard","meta":{"_acf_changed":false,"inline_featured_image":false,"footnotes":""},"categories":[108],"tags":[],"class_list":["post-75684","post","type-post","status-publish","format-standard","has-post-thumbnail","hentry","category-herault"],"acf":[],"yoast_head":"<!-- This site is optimized with the Yoast SEO plugin v27.4 - https:\/\/yoast.com\/product\/yoast-seo-wordpress\/ -->\n<title>El legendario Deudeuche: una mirada retrospectiva a un icono franc\u00e9s - Camping La Tama<\/title>\n<meta name=\"description\" content=\"El legendario Deudeuche, un icono franc\u00e9s intemporal: sum\u00e9rgete en la historia del 2CV, s\u00edmbolo de libertad y evasi\u00f3n, y redesc\u00fabrelo durante tus vacaciones cerca de Agde.\" \/>\n<meta name=\"robots\" content=\"index, follow, max-snippet:-1, max-image-preview:large, max-video-preview:-1\" \/>\n<link rel=\"canonical\" href=\"https:\/\/camping-latama.com\/es\/herault\/el-legendario-deudeuche-una-mirada-retrospectiva-a-un-icono-frances\/\" \/>\n<meta property=\"og:locale\" content=\"es_ES\" \/>\n<meta property=\"og:type\" content=\"article\" \/>\n<meta property=\"og:title\" content=\"El legendario Deudeuche: una mirada retrospectiva a un icono franc\u00e9s - Camping La Tama\" \/>\n<meta property=\"og:description\" content=\"El legendario Deudeuche, un icono franc\u00e9s intemporal: sum\u00e9rgete en la historia del 2CV, s\u00edmbolo de libertad y evasi\u00f3n, y redesc\u00fabrelo durante tus vacaciones cerca de Agde.\" \/>\n<meta property=\"og:url\" content=\"https:\/\/camping-latama.com\/es\/herault\/el-legendario-deudeuche-una-mirada-retrospectiva-a-un-icono-frances\/\" \/>\n<meta property=\"og:site_name\" content=\"Camping La Tama\" \/>\n<meta property=\"article:published_time\" content=\"2026-03-06T08:10:26+00:00\" \/>\n<meta property=\"og:image\" content=\"https:\/\/camping-latama.com\/wp-content\/uploads\/2026\/03\/mythique-deudeuche-icone-francaise-1-1024x683.png\" \/>\n\t<meta property=\"og:image:width\" content=\"1024\" \/>\n\t<meta property=\"og:image:height\" content=\"683\" \/>\n\t<meta property=\"og:image:type\" content=\"image\/png\" \/>\n<meta name=\"author\" content=\"Camping la Tamarissiere\" \/>\n<meta name=\"twitter:card\" content=\"summary_large_image\" \/>\n<meta name=\"twitter:label1\" content=\"Escrito por\" \/>\n\t<meta name=\"twitter:data1\" content=\"Camping la Tamarissiere\" \/>\n\t<meta name=\"twitter:label2\" content=\"Tiempo de lectura\" \/>\n\t<meta name=\"twitter:data2\" content=\"5 minutos\" \/>\n<script type=\"application\/ld+json\" class=\"yoast-schema-graph\">{\"@context\":\"https:\\\/\\\/schema.org\",\"@graph\":[{\"@type\":\"Article\",\"@id\":\"https:\\\/\\\/camping-latama.com\\\/es\\\/herault\\\/el-legendario-deudeuche-una-mirada-retrospectiva-a-un-icono-frances\\\/#article\",\"isPartOf\":{\"@id\":\"https:\\\/\\\/camping-latama.com\\\/es\\\/herault\\\/el-legendario-deudeuche-una-mirada-retrospectiva-a-un-icono-frances\\\/\"},\"author\":{\"name\":\"Camping la Tamarissiere\",\"@id\":\"https:\\\/\\\/camping-latama.com\\\/es\\\/#\\\/schema\\\/person\\\/5c5865bc2962a9073e655a35378b0889\"},\"headline\":\"El legendario Deudeuche: una mirada retrospectiva a un icono franc\u00e9s\",\"datePublished\":\"2026-03-06T08:10:26+00:00\",\"mainEntityOfPage\":{\"@id\":\"https:\\\/\\\/camping-latama.com\\\/es\\\/herault\\\/el-legendario-deudeuche-una-mirada-retrospectiva-a-un-icono-frances\\\/\"},\"wordCount\":983,\"commentCount\":0,\"image\":{\"@id\":\"https:\\\/\\\/camping-latama.com\\\/es\\\/herault\\\/el-legendario-deudeuche-una-mirada-retrospectiva-a-un-icono-frances\\\/#primaryimage\"},\"thumbnailUrl\":\"https:\\\/\\\/camping-latama.com\\\/wp-content\\\/uploads\\\/2026\\\/03\\\/mythique-deudeuche-icone-francaise-1.png\",\"articleSection\":[\"H\u00e9rault\"],\"inLanguage\":\"es\",\"potentialAction\":[{\"@type\":\"CommentAction\",\"name\":\"Comment\",\"target\":[\"https:\\\/\\\/camping-latama.com\\\/es\\\/herault\\\/el-legendario-deudeuche-una-mirada-retrospectiva-a-un-icono-frances\\\/#respond\"]}]},{\"@type\":\"WebPage\",\"@id\":\"https:\\\/\\\/camping-latama.com\\\/es\\\/herault\\\/el-legendario-deudeuche-una-mirada-retrospectiva-a-un-icono-frances\\\/\",\"url\":\"https:\\\/\\\/camping-latama.com\\\/es\\\/herault\\\/el-legendario-deudeuche-una-mirada-retrospectiva-a-un-icono-frances\\\/\",\"name\":\"El legendario Deudeuche: una mirada retrospectiva a un icono franc\u00e9s - Camping La Tama\",\"isPartOf\":{\"@id\":\"https:\\\/\\\/camping-latama.com\\\/es\\\/#website\"},\"primaryImageOfPage\":{\"@id\":\"https:\\\/\\\/camping-latama.com\\\/es\\\/herault\\\/el-legendario-deudeuche-una-mirada-retrospectiva-a-un-icono-frances\\\/#primaryimage\"},\"image\":{\"@id\":\"https:\\\/\\\/camping-latama.com\\\/es\\\/herault\\\/el-legendario-deudeuche-una-mirada-retrospectiva-a-un-icono-frances\\\/#primaryimage\"},\"thumbnailUrl\":\"https:\\\/\\\/camping-latama.com\\\/wp-content\\\/uploads\\\/2026\\\/03\\\/mythique-deudeuche-icone-francaise-1.png\",\"datePublished\":\"2026-03-06T08:10:26+00:00\",\"author\":{\"@id\":\"https:\\\/\\\/camping-latama.com\\\/es\\\/#\\\/schema\\\/person\\\/5c5865bc2962a9073e655a35378b0889\"},\"description\":\"El legendario Deudeuche, un icono franc\u00e9s intemporal: sum\u00e9rgete en la historia del 2CV, s\u00edmbolo de libertad y evasi\u00f3n, y redesc\u00fabrelo durante tus vacaciones cerca de Agde.\",\"breadcrumb\":{\"@id\":\"https:\\\/\\\/camping-latama.com\\\/es\\\/herault\\\/el-legendario-deudeuche-una-mirada-retrospectiva-a-un-icono-frances\\\/#breadcrumb\"},\"inLanguage\":\"es\",\"potentialAction\":[{\"@type\":\"ReadAction\",\"target\":[\"https:\\\/\\\/camping-latama.com\\\/es\\\/herault\\\/el-legendario-deudeuche-una-mirada-retrospectiva-a-un-icono-frances\\\/\"]}]},{\"@type\":\"ImageObject\",\"inLanguage\":\"es\",\"@id\":\"https:\\\/\\\/camping-latama.com\\\/es\\\/herault\\\/el-legendario-deudeuche-una-mirada-retrospectiva-a-un-icono-frances\\\/#primaryimage\",\"url\":\"https:\\\/\\\/camping-latama.com\\\/wp-content\\\/uploads\\\/2026\\\/03\\\/mythique-deudeuche-icone-francaise-1.png\",\"contentUrl\":\"https:\\\/\\\/camping-latama.com\\\/wp-content\\\/uploads\\\/2026\\\/03\\\/mythique-deudeuche-icone-francaise-1.png\",\"width\":1536,\"height\":1024,\"caption\":\"m\u00edtico icono franc\u00e9s deudeuche\"},{\"@type\":\"BreadcrumbList\",\"@id\":\"https:\\\/\\\/camping-latama.com\\\/es\\\/herault\\\/el-legendario-deudeuche-una-mirada-retrospectiva-a-un-icono-frances\\\/#breadcrumb\",\"itemListElement\":[{\"@type\":\"ListItem\",\"position\":1,\"name\":\"Camping Cap d'Agde\",\"item\":\"https:\\\/\\\/camping-latama.com\\\/es\\\/inicio\\\/\"},{\"@type\":\"ListItem\",\"position\":2,\"name\":\"H\u00e9rault\",\"item\":\"https:\\\/\\\/camping-latama.com\\\/es\\\/herault\\\/\"},{\"@type\":\"ListItem\",\"position\":3,\"name\":\"deudeuche m\u00edtico\"}]},{\"@type\":\"WebSite\",\"@id\":\"https:\\\/\\\/camping-latama.com\\\/es\\\/#website\",\"url\":\"https:\\\/\\\/camping-latama.com\\\/es\\\/\",\"name\":\"Camping La Tamarissi\u00e8re\",\"description\":\"\",\"potentialAction\":[{\"@type\":\"SearchAction\",\"target\":{\"@type\":\"EntryPoint\",\"urlTemplate\":\"https:\\\/\\\/camping-latama.com\\\/es\\\/?s={search_term_string}\"},\"query-input\":{\"@type\":\"PropertyValueSpecification\",\"valueRequired\":true,\"valueName\":\"search_term_string\"}}],\"inLanguage\":\"es\"},{\"@type\":\"Person\",\"@id\":\"https:\\\/\\\/camping-latama.com\\\/es\\\/#\\\/schema\\\/person\\\/5c5865bc2962a9073e655a35378b0889\",\"name\":\"Camping la Tamarissiere\",\"image\":{\"@type\":\"ImageObject\",\"inLanguage\":\"es\",\"@id\":\"https:\\\/\\\/secure.gravatar.com\\\/avatar\\\/242a1bc4b662f1f45b7599579d22ad28dd1d731e84d15dab387bff556238716e?s=96&d=mm&r=g\",\"url\":\"https:\\\/\\\/secure.gravatar.com\\\/avatar\\\/242a1bc4b662f1f45b7599579d22ad28dd1d731e84d15dab387bff556238716e?s=96&d=mm&r=g\",\"contentUrl\":\"https:\\\/\\\/secure.gravatar.com\\\/avatar\\\/242a1bc4b662f1f45b7599579d22ad28dd1d731e84d15dab387bff556238716e?s=96&d=mm&r=g\",\"caption\":\"Camping la Tamarissiere\"}}]}<\/script>\n<!-- \/ Yoast SEO plugin. -->","yoast_head_json":{"title":"El legendario Deudeuche: una mirada retrospectiva a un icono franc\u00e9s - Camping La Tama","description":"El legendario Deudeuche, un icono franc\u00e9s intemporal: sum\u00e9rgete en la historia del 2CV, s\u00edmbolo de libertad y evasi\u00f3n, y redesc\u00fabrelo durante tus vacaciones cerca de Agde.","robots":{"index":"index","follow":"follow","max-snippet":"max-snippet:-1","max-image-preview":"max-image-preview:large","max-video-preview":"max-video-preview:-1"},"canonical":"https:\/\/camping-latama.com\/es\/herault\/el-legendario-deudeuche-una-mirada-retrospectiva-a-un-icono-frances\/","og_locale":"es_ES","og_type":"article","og_title":"El legendario Deudeuche: una mirada retrospectiva a un icono franc\u00e9s - Camping La Tama","og_description":"El legendario Deudeuche, un icono franc\u00e9s intemporal: sum\u00e9rgete en la historia del 2CV, s\u00edmbolo de libertad y evasi\u00f3n, y redesc\u00fabrelo durante tus vacaciones cerca de Agde.","og_url":"https:\/\/camping-latama.com\/es\/herault\/el-legendario-deudeuche-una-mirada-retrospectiva-a-un-icono-frances\/","og_site_name":"Camping La Tama","article_published_time":"2026-03-06T08:10:26+00:00","og_image":[{"width":1024,"height":683,"url":"https:\/\/camping-latama.com\/wp-content\/uploads\/2026\/03\/mythique-deudeuche-icone-francaise-1-1024x683.png","type":"image\/png"}],"author":"Camping la Tamarissiere","twitter_card":"summary_large_image","twitter_misc":{"Escrito por":"Camping la Tamarissiere","Tiempo de lectura":"5 minutos"},"schema":{"@context":"https:\/\/schema.org","@graph":[{"@type":"Article","@id":"https:\/\/camping-latama.com\/es\/herault\/el-legendario-deudeuche-una-mirada-retrospectiva-a-un-icono-frances\/#article","isPartOf":{"@id":"https:\/\/camping-latama.com\/es\/herault\/el-legendario-deudeuche-una-mirada-retrospectiva-a-un-icono-frances\/"},"author":{"name":"Camping la Tamarissiere","@id":"https:\/\/camping-latama.com\/es\/#\/schema\/person\/5c5865bc2962a9073e655a35378b0889"},"headline":"El legendario Deudeuche: una mirada retrospectiva a un icono franc\u00e9s","datePublished":"2026-03-06T08:10:26+00:00","mainEntityOfPage":{"@id":"https:\/\/camping-latama.com\/es\/herault\/el-legendario-deudeuche-una-mirada-retrospectiva-a-un-icono-frances\/"},"wordCount":983,"commentCount":0,"image":{"@id":"https:\/\/camping-latama.com\/es\/herault\/el-legendario-deudeuche-una-mirada-retrospectiva-a-un-icono-frances\/#primaryimage"},"thumbnailUrl":"https:\/\/camping-latama.com\/wp-content\/uploads\/2026\/03\/mythique-deudeuche-icone-francaise-1.png","articleSection":["H\u00e9rault"],"inLanguage":"es","potentialAction":[{"@type":"CommentAction","name":"Comment","target":["https:\/\/camping-latama.com\/es\/herault\/el-legendario-deudeuche-una-mirada-retrospectiva-a-un-icono-frances\/#respond"]}]},{"@type":"WebPage","@id":"https:\/\/camping-latama.com\/es\/herault\/el-legendario-deudeuche-una-mirada-retrospectiva-a-un-icono-frances\/","url":"https:\/\/camping-latama.com\/es\/herault\/el-legendario-deudeuche-una-mirada-retrospectiva-a-un-icono-frances\/","name":"El legendario Deudeuche: una mirada retrospectiva a un icono franc\u00e9s - Camping La Tama","isPartOf":{"@id":"https:\/\/camping-latama.com\/es\/#website"},"primaryImageOfPage":{"@id":"https:\/\/camping-latama.com\/es\/herault\/el-legendario-deudeuche-una-mirada-retrospectiva-a-un-icono-frances\/#primaryimage"},"image":{"@id":"https:\/\/camping-latama.com\/es\/herault\/el-legendario-deudeuche-una-mirada-retrospectiva-a-un-icono-frances\/#primaryimage"},"thumbnailUrl":"https:\/\/camping-latama.com\/wp-content\/uploads\/2026\/03\/mythique-deudeuche-icone-francaise-1.png","datePublished":"2026-03-06T08:10:26+00:00","author":{"@id":"https:\/\/camping-latama.com\/es\/#\/schema\/person\/5c5865bc2962a9073e655a35378b0889"},"description":"El legendario Deudeuche, un icono franc\u00e9s intemporal: sum\u00e9rgete en la historia del 2CV, s\u00edmbolo de libertad y evasi\u00f3n, y redesc\u00fabrelo durante tus vacaciones cerca de Agde.","breadcrumb":{"@id":"https:\/\/camping-latama.com\/es\/herault\/el-legendario-deudeuche-una-mirada-retrospectiva-a-un-icono-frances\/#breadcrumb"},"inLanguage":"es","potentialAction":[{"@type":"ReadAction","target":["https:\/\/camping-latama.com\/es\/herault\/el-legendario-deudeuche-una-mirada-retrospectiva-a-un-icono-frances\/"]}]},{"@type":"ImageObject","inLanguage":"es","@id":"https:\/\/camping-latama.com\/es\/herault\/el-legendario-deudeuche-una-mirada-retrospectiva-a-un-icono-frances\/#primaryimage","url":"https:\/\/camping-latama.com\/wp-content\/uploads\/2026\/03\/mythique-deudeuche-icone-francaise-1.png","contentUrl":"https:\/\/camping-latama.com\/wp-content\/uploads\/2026\/03\/mythique-deudeuche-icone-francaise-1.png","width":1536,"height":1024,"caption":"m\u00edtico icono franc\u00e9s deudeuche"},{"@type":"BreadcrumbList","@id":"https:\/\/camping-latama.com\/es\/herault\/el-legendario-deudeuche-una-mirada-retrospectiva-a-un-icono-frances\/#breadcrumb","itemListElement":[{"@type":"ListItem","position":1,"name":"Camping Cap d'Agde","item":"https:\/\/camping-latama.com\/es\/inicio\/"},{"@type":"ListItem","position":2,"name":"H\u00e9rault","item":"https:\/\/camping-latama.com\/es\/herault\/"},{"@type":"ListItem","position":3,"name":"deudeuche m\u00edtico"}]},{"@type":"WebSite","@id":"https:\/\/camping-latama.com\/es\/#website","url":"https:\/\/camping-latama.com\/es\/","name":"Camping La Tamarissi\u00e8re","description":"","potentialAction":[{"@type":"SearchAction","target":{"@type":"EntryPoint","urlTemplate":"https:\/\/camping-latama.com\/es\/?s={search_term_string}"},"query-input":{"@type":"PropertyValueSpecification","valueRequired":true,"valueName":"search_term_string"}}],"inLanguage":"es"},{"@type":"Person","@id":"https:\/\/camping-latama.com\/es\/#\/schema\/person\/5c5865bc2962a9073e655a35378b0889","name":"Camping la Tamarissiere","image":{"@type":"ImageObject","inLanguage":"es","@id":"https:\/\/secure.gravatar.com\/avatar\/242a1bc4b662f1f45b7599579d22ad28dd1d731e84d15dab387bff556238716e?s=96&d=mm&r=g","url":"https:\/\/secure.gravatar.com\/avatar\/242a1bc4b662f1f45b7599579d22ad28dd1d731e84d15dab387bff556238716e?s=96&d=mm&r=g","contentUrl":"https:\/\/secure.gravatar.com\/avatar\/242a1bc4b662f1f45b7599579d22ad28dd1d731e84d15dab387bff556238716e?s=96&d=mm&r=g","caption":"Camping la Tamarissiere"}}]}},"_links":{"self":[{"href":"https:\/\/camping-latama.com\/es\/wp-json\/wp\/v2\/posts\/75684","targetHints":{"allow":["GET"]}}],"collection":[{"href":"https:\/\/camping-latama.com\/es\/wp-json\/wp\/v2\/posts"}],"about":[{"href":"https:\/\/camping-latama.com\/es\/wp-json\/wp\/v2\/types\/post"}],"author":[{"embeddable":true,"href":"https:\/\/camping-latama.com\/es\/wp-json\/wp\/v2\/users\/5"}],"replies":[{"embeddable":true,"href":"https:\/\/camping-latama.com\/es\/wp-json\/wp\/v2\/comments?post=75684"}],"version-history":[{"count":0,"href":"https:\/\/camping-latama.com\/es\/wp-json\/wp\/v2\/posts\/75684\/revisions"}],"wp:featuredmedia":[{"embeddable":true,"href":"https:\/\/camping-latama.com\/es\/wp-json\/wp\/v2\/media\/75685"}],"wp:attachment":[{"href":"https:\/\/camping-latama.com\/es\/wp-json\/wp\/v2\/media?parent=75684"}],"wp:term":[{"taxonomy":"category","embeddable":true,"href":"https:\/\/camping-latama.com\/es\/wp-json\/wp\/v2\/categories?post=75684"},{"taxonomy":"post_tag","embeddable":true,"href":"https:\/\/camping-latama.com\/es\/wp-json\/wp\/v2\/tags?post=75684"}],"curies":[{"name":"wp","href":"https:\/\/api.w.org\/{rel}","templated":true}]}}