{"id":75574,"date":"2026-03-06T08:10:42","date_gmt":"2026-03-06T08:10:42","guid":{"rendered":"https:\/\/camping-latama.com\/sin-categoria\/la-flora-de-las-bagnas-entre-especies-autoctonas-y-exoticas\/"},"modified":"2026-03-06T08:10:42","modified_gmt":"2026-03-06T08:10:42","slug":"la-flora-de-las-bagnas-entre-especies-autoctonas-y-exoticas","status":"publish","type":"post","link":"https:\/\/camping-latama.com\/es\/herault\/la-flora-de-las-bagnas-entre-especies-autoctonas-y-exoticas\/","title":{"rendered":"La flora de las Bagnas: entre especies aut\u00f3ctonas y ex\u00f3ticas"},"content":{"rendered":"<p>La <strong>reserva de Bagnas<\/strong>, en Agde, es un lugar excepcional con una flora diversa. Esta diversidad vegetal est\u00e1 vinculada a los distintos h\u00e1bitats presentes en la reserva, en particular los estanques, las marismas, las praderas h\u00famedas y las dunas. Hasta la fecha, se han registrado 572 especies de plantas. De ellas, 57 presentan importantes retos de conservaci\u00f3n. Tambi\u00e9n est\u00e1n protegidas especies especialmente raras asociadas a las lagunas temporales mediterr\u00e1neas, como la altenia filiforme y el bri\u00f3fito de inter\u00e9s comunitario Riella helicophylla.    <\/p>\n<p>Descubre en este art\u00edculo la flora t\u00edpica de las Bagnas, algunas especies invasoras que hay que vigilar para preservar la reserva y una sorprendente iniciativa para explotarlas.<\/p>\n<h2><\/h2>\n<h2>La flora t\u00edpica de la reserva de Bagnas<\/h2>\n<p>La <strong>reserva de Bagnas<\/strong> alberga un gran n\u00famero de especies vegetales naturales beneficiosas para su ecosistema.<\/p>\n<h3><\/h3>\n<h3>Hierba de cristal<\/h3>\n<p>La vidriera, planta hal\u00f3fila adaptada a ambientes salinos, es t\u00edpica de los humedales mediterr\u00e1neos y se reconoce por sus tallos suculentos en forma de peque\u00f1as ramas. Estabiliza los suelos salinos y sirve de h\u00e1bitat a varias especies de aves e insectos. Tambi\u00e9n se consume en algunas regiones por sus propiedades nutritivas.  <\/p>\n<h3><\/h3>\n<h3>Tocones y juncos<\/h3>\n<p>Los <strong>souchets<\/strong> y los <strong>juncos<\/strong> son plantas herb\u00e1ceas t\u00edpicas de prados h\u00famedos como los de las Bagnas. Con sus robustos tallos, los souchets y los juncos m\u00e1s finos desempe\u00f1an un papel crucial en la filtraci\u00f3n del agua, absorbiendo contaminantes y estabilizando los sedimentos. Tambi\u00e9n constituyen un refugio para la fauna local, contribuyendo a la reproducci\u00f3n y alimentaci\u00f3n de muchas especies, lo que aumenta la diversidad biol\u00f3gica de la reserva.  <\/p>\n<h3><\/h3>\n<h3>El tamarisco<\/h3>\n<p>El tamarisco, un \u00e1rbol o arbusto com\u00fan en las marismas salinas y las zonas ribere\u00f1as, es apreciado por su tolerancia a los suelos salinos y a las condiciones secas. Estabiliza el suelo con su extenso sistema radicular, evitando la erosi\u00f3n, y proporciona un h\u00e1bitat para muchas especies animales, sobre todo aves. Sus flores atraen a diversos insectos polinizadores.  <\/p>\n<p>\ud83c\udf3f Ver tambi\u00e9n: Descubre Verdisses, un paraje natural rico en biodiversidad<\/p>\n<p><img loading=\"lazy\" decoding=\"async\" class=\"alignnone wp-image-74813 size-full\" src=\"https:\/\/camping-latama.com\/wp-content\/uploads\/2026\/03\/flore-bagnas-espece-infigene-exotique-2.jpeg\" alt=\"flora bagnas especies aut\u00f3ctonas especies ex\u00f3ticas\" width=\"1127\" height=\"344\" srcset=\"https:\/\/camping-latama.com\/wp-content\/uploads\/2026\/03\/flore-bagnas-espece-infigene-exotique-2.jpeg 1127w, https:\/\/camping-latama.com\/wp-content\/uploads\/2026\/03\/flore-bagnas-espece-infigene-exotique-2-300x92.jpeg 300w, https:\/\/camping-latama.com\/wp-content\/uploads\/2026\/03\/flore-bagnas-espece-infigene-exotique-2-1024x313.jpeg 1024w, https:\/\/camping-latama.com\/wp-content\/uploads\/2026\/03\/flore-bagnas-espece-infigene-exotique-2-768x234.jpeg 768w, https:\/\/camping-latama.com\/wp-content\/uploads\/2026\/03\/flore-bagnas-espece-infigene-exotique-2-1000x305.jpeg 1000w\" sizes=\"auto, (max-width: 1127px) 100vw, 1127px\" \/><\/p>\n<h3><\/h3>\n<h3>La diversidad vegetal y local de Bagnas<\/h3>\n<p>Otras especies no intrusivas en las Bagnas son :<\/p>\n<ul>\n<li><strong>El oyat<\/strong>, o<strong> junco de arena<\/strong>, desempe\u00f1a un papel crucial en la prevenci\u00f3n de la erosi\u00f3n de las dunas y constituye un h\u00e1bitat para muchas especies animales.<\/li>\n<li><strong>Artemisa,<\/strong> hierba arom\u00e1tica utilizada por la fauna como fuente de alimento y por los insectos polinizadores como h\u00e1bitat.<\/li>\n<li><strong>El hinojo marino<\/strong>, reconocible por sus hojas carnosas y sus flores amarillas en verano, est\u00e1 adaptado a los suelos salinos y lo comen ciertos insectos y aves.<\/li>\n<li><strong>La lavanda<\/strong> es un excelente atrayente de insectos polinizadores, sobre todo abejas, lo que contribuye a la biodiversidad de las praderas secas.<\/li>\n<li><strong>La encina<\/strong>, \u00e1rbol de hoja perenne t\u00edpico de los matorrales mediterr\u00e1neos, sirve de h\u00e1bitat a multitud de especies animales y desempe\u00f1a un papel esencial en la conservaci\u00f3n del suelo al evitar la erosi\u00f3n.<\/li>\n<\/ul>\n<p>Estas <strong>especies vegetales presentes en la reserva de Bagnas<\/strong> contribuyen, por tanto, al buen funcionamiento del ecosistema, alimentando a las especies animales y manteniendo la calidad del suelo y del agua.<\/p>\n<p>\ud83c\udf3f Ver tambi\u00e9n: Descubre la flora y la fauna de Agde en oto\u00f1o<\/p>\n<h2><\/h2>\n<h2>Especies vegetales ex\u00f3ticas invasoras (EEI)<\/h2>\n<p>Sin embargo, las Bagnas se enfrentan a la introducci\u00f3n de especies ex\u00f3ticas, a menudo invasoras, que est\u00e1n alterando este fr\u00e1gil equilibrio. Algunas de estas plantas, introducidas deliberada o accidentalmente, est\u00e1n sustituyendo a la flora aut\u00f3ctona y modificando los ecosistemas locales. <\/p>\n<h3><\/h3>\n<h3>La garra de la bruja<\/h3>\n<p>La garra de bruja, originaria de Sud\u00e1frica, es una planta suculenta rastrera que coloniza r\u00e1pidamente las dunas y las zonas costeras, formando densas esteras e impidiendo que la luz llegue al suelo, ahogando la vegetaci\u00f3n aut\u00f3ctona.<\/p>\n<h3><\/h3>\n<h3>El olivo de Bohemia<\/h3>\n<p><strong>El olivo de Bohemia<\/strong>, planta ornamental originaria de Asia, tolera los suelos pobres y las condiciones \u00e1ridas, y modifica las comunidades vegetales dominando el espacio y compitiendo con las especies aut\u00f3ctonas por el agua y los nutrientes.<\/p>\n<h3><\/h3>\n<h3>El higo chumbo<\/h3>\n<p><strong>La chumbera<\/strong>, originaria de M\u00e9xico, se ha establecido en entornos mediterr\u00e1neos \u00e1ridos, formando macizos que alteran los h\u00e1bitats locales. Sus espinosas serpientes dificultan su eliminaci\u00f3n y ahoga la vegetaci\u00f3n aut\u00f3ctona, reduciendo la diversidad vegetal. <\/p>\n<h3><\/h3>\n<h3>Artemisa del Cabo<\/h3>\n<p><strong>La artemisa del Cabo<\/strong>, una especie del sur de \u00c1frica, es especialmente abundante en Bagnas, donde coloniza los bordes de las carreteras y los entornos degradados. Con su r\u00e1pido ciclo vital y su abundante producci\u00f3n de semillas, impide que se establezcan las especies locales. <\/p>\n<h3><\/h3>\n<h3>Hierba de la Pampa<\/h3>\n<p>Originaria de Sudam\u00e9rica, <strong>la hierba de la pampa<\/strong> es conocida por sus grandes penachos de hojas y plumas. Una vez establecida, forma densas matas que impiden el crecimiento de otras plantas y comprometen la regeneraci\u00f3n de las especies aut\u00f3ctonas, afectando as\u00ed a la biodiversidad. <\/p>\n<h3><\/h3>\n<h3>Canad\u00e1 fleabane<\/h3>\n<p><strong>La fleabane canadiense<\/strong> es una planta anual originaria de Norteam\u00e9rica que invade zonas abiertas y riberas. Prospera en entornos alterados, dificultando la germinaci\u00f3n de especies aut\u00f3ctonas y contribuyendo a la erosi\u00f3n de las riberas. <\/p>\n<h3><\/h3>\n<h3>Sauce pr\u00edmula rastrero<\/h3>\n<p><strong>La pr\u00edmula acu\u00e1tica rastrera<\/strong> es una especie acu\u00e1tica de Sudam\u00e9rica que forma densas esteras en la superficie del agua, privando de luz a otras plantas acu\u00e1ticas y reduciendo los niveles de ox\u00edgeno, creando zonas muertas para la fauna acu\u00e1tica.<\/p>\n<h3><\/h3>\n<h3>La vid de ribera<\/h3>\n<p>La <strong>liana de ribera<\/strong> procede de Norteam\u00e9rica y est\u00e1 muy presente en Bagnas, donde prolifera a lo largo de las riberas. Sus lianas invasoras ahogan los \u00e1rboles y arbustos locales, perturbando la din\u00e1mica de los bosques ribere\u00f1os y amenazando la diversidad de los ecosistemas fluviales. <\/p>\n<h2><\/h2>\n<h2>Una iniciativa innovadora que combina naturaleza y gastronom\u00eda<\/h2>\n<p>Ante esta proliferaci\u00f3n de especies ex\u00f3ticas, se est\u00e1n tomando medidas para limitar su impacto y fomentar al mismo tiempo las especies aut\u00f3ctonas.<\/p>\n<p>Iniciativas como <strong>Mission Flore*<\/strong>, por ejemplo, implican a voluntarios en operaciones de identificaci\u00f3n y eliminaci\u00f3n de plantas invasoras.<\/p>\n<p>Tambi\u00e9n se llevan a cabo acciones de vigilancia y erradicaci\u00f3n, en colaboraci\u00f3n con asociaciones locales como<strong>ADENA<\/strong>, para preservar la biodiversidad \u00fanica de las Bagnas.<\/p>\n<p>Desde este verano, esta \u00faltima trabaja en una original iniciativa en colaboraci\u00f3n con La Cap\u00e9chade Foodlab de Marsella: utilizar y dar a conocer <strong>plantas ex\u00f3ticas invasoras<\/strong> a trav\u00e9s de talleres culinarios.<\/p>\n<p><strong>La garra de bruja<\/strong> y la<strong>aceituna de Bohemia<\/strong> se transforman as\u00ed en productos locales, ayudando a combatir su propagaci\u00f3n y fomentando al mismo tiempo la econom\u00eda circular.<\/p>\n<p>En octubre (los d\u00edas 21 y 24), se organizaron salidas a la naturaleza para sensibilizar sobre estas <strong>especies invasoras<\/strong>.<\/p>\n<p>Y el martes 10 de diciembre, tras una velada divertida y educativa, se degustar\u00e1n recetas elaboradas con las plantas recolectadas.<\/p>\n<p>\ud83d\udc07 Ver tambi\u00e9n: Descubrir los mam\u00edferos nocturnos de Bagnas<\/p>\n<h2><\/h2>\n<h2>Actuar por la biodiversidad en Bagnas<\/h2>\n<p>La dif\u00edcil cohabitaci\u00f3n entre especies end\u00e9micas y ex\u00f3ticas pone de manifiesto la importancia de una buena gesti\u00f3n de los espacios naturales para mantener la diversidad ecol\u00f3gica y proteger a las especies m\u00e1s vulnerables. Para saber m\u00e1s sobre lo que est\u00e1 en juego, ponte en contacto con la asociaci\u00f3n para la protecci\u00f3n del medio ambiente y la naturaleza del Pa\u00eds de Agde. <\/p>\n<p>* El programa Mission Flore, creado por Tela Botanica, cuenta con el apoyo del Ministerio franc\u00e9s para la Transici\u00f3n Ecol\u00f3gica.<\/p>\n","protected":false},"excerpt":{"rendered":"<p>La reserva de Bagnas, en Agde, es un lugar excepcional con una flora diversa. Esta diversidad vegetal est\u00e1 vinculada a los distintos h\u00e1bitats presentes en la reserva, en particular los estanques, las marismas, las praderas h\u00famedas y las dunas. Hasta la fecha, se han registrado 572 especies de plantas. De ellas, 57 presentan importantes retos [&hellip;]<\/p>\n","protected":false},"author":5,"featured_media":75578,"comment_status":"open","ping_status":"closed","sticky":false,"template":"","format":"standard","meta":{"_acf_changed":false,"inline_featured_image":false,"footnotes":""},"categories":[108],"tags":[],"class_list":["post-75574","post","type-post","status-publish","format-standard","has-post-thumbnail","hentry","category-herault"],"acf":[],"yoast_head":"<!-- This site is optimized with the Yoast SEO plugin v27.4 - https:\/\/yoast.com\/product\/yoast-seo-wordpress\/ -->\n<title>La flora de las Bagnas: entre especies aut\u00f3ctonas y ex\u00f3ticas - Camping La Tama<\/title>\n<meta name=\"description\" content=\"Descubre la flora de las Bagnas, cerca de Agde: especies aut\u00f3ctonas, plantas ex\u00f3ticas y una biodiversidad excepcional en el coraz\u00f3n de una reserva natural para explorar durante tus vacaciones en el H\u00e9rault.\" \/>\n<meta name=\"robots\" content=\"index, follow, max-snippet:-1, max-image-preview:large, max-video-preview:-1\" \/>\n<link rel=\"canonical\" href=\"https:\/\/camping-latama.com\/es\/herault\/la-flora-de-las-bagnas-entre-especies-autoctonas-y-exoticas\/\" \/>\n<meta property=\"og:locale\" content=\"es_ES\" \/>\n<meta property=\"og:type\" content=\"article\" \/>\n<meta property=\"og:title\" content=\"La flora de las Bagnas: entre especies aut\u00f3ctonas y ex\u00f3ticas - Camping La Tama\" \/>\n<meta property=\"og:description\" content=\"Descubre la flora de las Bagnas, cerca de Agde: especies aut\u00f3ctonas, plantas ex\u00f3ticas y una biodiversidad excepcional en el coraz\u00f3n de una reserva natural para explorar durante tus vacaciones en el H\u00e9rault.\" \/>\n<meta property=\"og:url\" content=\"https:\/\/camping-latama.com\/es\/herault\/la-flora-de-las-bagnas-entre-especies-autoctonas-y-exoticas\/\" \/>\n<meta property=\"og:site_name\" content=\"Camping La Tama\" \/>\n<meta property=\"article:published_time\" content=\"2026-03-06T08:10:42+00:00\" \/>\n<meta property=\"og:image\" content=\"https:\/\/camping-latama.com\/wp-content\/uploads\/2026\/03\/reserve-du-bagnas2.jpg\" \/>\n\t<meta property=\"og:image:width\" content=\"1920\" \/>\n\t<meta property=\"og:image:height\" content=\"715\" \/>\n\t<meta property=\"og:image:type\" content=\"image\/jpeg\" \/>\n<meta name=\"author\" content=\"Camping la Tamarissiere\" \/>\n<meta name=\"twitter:card\" content=\"summary_large_image\" \/>\n<meta name=\"twitter:label1\" content=\"Escrito por\" \/>\n\t<meta name=\"twitter:data1\" content=\"Camping la Tamarissiere\" \/>\n\t<meta name=\"twitter:label2\" content=\"Tiempo de lectura\" \/>\n\t<meta name=\"twitter:data2\" content=\"6 minutos\" \/>\n<script type=\"application\/ld+json\" class=\"yoast-schema-graph\">{\"@context\":\"https:\\\/\\\/schema.org\",\"@graph\":[{\"@type\":\"Article\",\"@id\":\"https:\\\/\\\/camping-latama.com\\\/es\\\/herault\\\/la-flora-de-las-bagnas-entre-especies-autoctonas-y-exoticas\\\/#article\",\"isPartOf\":{\"@id\":\"https:\\\/\\\/camping-latama.com\\\/es\\\/herault\\\/la-flora-de-las-bagnas-entre-especies-autoctonas-y-exoticas\\\/\"},\"author\":{\"name\":\"Camping la Tamarissiere\",\"@id\":\"https:\\\/\\\/camping-latama.com\\\/es\\\/#\\\/schema\\\/person\\\/5c5865bc2962a9073e655a35378b0889\"},\"headline\":\"La flora de las Bagnas: entre especies aut\u00f3ctonas y ex\u00f3ticas\",\"datePublished\":\"2026-03-06T08:10:42+00:00\",\"mainEntityOfPage\":{\"@id\":\"https:\\\/\\\/camping-latama.com\\\/es\\\/herault\\\/la-flora-de-las-bagnas-entre-especies-autoctonas-y-exoticas\\\/\"},\"wordCount\":1288,\"commentCount\":0,\"image\":{\"@id\":\"https:\\\/\\\/camping-latama.com\\\/es\\\/herault\\\/la-flora-de-las-bagnas-entre-especies-autoctonas-y-exoticas\\\/#primaryimage\"},\"thumbnailUrl\":\"https:\\\/\\\/camping-latama.com\\\/wp-content\\\/uploads\\\/2026\\\/03\\\/reserve-du-bagnas2.jpg\",\"articleSection\":[\"H\u00e9rault\"],\"inLanguage\":\"es\",\"potentialAction\":[{\"@type\":\"CommentAction\",\"name\":\"Comment\",\"target\":[\"https:\\\/\\\/camping-latama.com\\\/es\\\/herault\\\/la-flora-de-las-bagnas-entre-especies-autoctonas-y-exoticas\\\/#respond\"]}]},{\"@type\":\"WebPage\",\"@id\":\"https:\\\/\\\/camping-latama.com\\\/es\\\/herault\\\/la-flora-de-las-bagnas-entre-especies-autoctonas-y-exoticas\\\/\",\"url\":\"https:\\\/\\\/camping-latama.com\\\/es\\\/herault\\\/la-flora-de-las-bagnas-entre-especies-autoctonas-y-exoticas\\\/\",\"name\":\"La flora de las Bagnas: entre especies aut\u00f3ctonas y ex\u00f3ticas - Camping La Tama\",\"isPartOf\":{\"@id\":\"https:\\\/\\\/camping-latama.com\\\/es\\\/#website\"},\"primaryImageOfPage\":{\"@id\":\"https:\\\/\\\/camping-latama.com\\\/es\\\/herault\\\/la-flora-de-las-bagnas-entre-especies-autoctonas-y-exoticas\\\/#primaryimage\"},\"image\":{\"@id\":\"https:\\\/\\\/camping-latama.com\\\/es\\\/herault\\\/la-flora-de-las-bagnas-entre-especies-autoctonas-y-exoticas\\\/#primaryimage\"},\"thumbnailUrl\":\"https:\\\/\\\/camping-latama.com\\\/wp-content\\\/uploads\\\/2026\\\/03\\\/reserve-du-bagnas2.jpg\",\"datePublished\":\"2026-03-06T08:10:42+00:00\",\"author\":{\"@id\":\"https:\\\/\\\/camping-latama.com\\\/es\\\/#\\\/schema\\\/person\\\/5c5865bc2962a9073e655a35378b0889\"},\"description\":\"Descubre la flora de las Bagnas, cerca de Agde: especies aut\u00f3ctonas, plantas ex\u00f3ticas y una biodiversidad excepcional en el coraz\u00f3n de una reserva natural para explorar durante tus vacaciones en el H\u00e9rault.\",\"breadcrumb\":{\"@id\":\"https:\\\/\\\/camping-latama.com\\\/es\\\/herault\\\/la-flora-de-las-bagnas-entre-especies-autoctonas-y-exoticas\\\/#breadcrumb\"},\"inLanguage\":\"es\",\"potentialAction\":[{\"@type\":\"ReadAction\",\"target\":[\"https:\\\/\\\/camping-latama.com\\\/es\\\/herault\\\/la-flora-de-las-bagnas-entre-especies-autoctonas-y-exoticas\\\/\"]}]},{\"@type\":\"ImageObject\",\"inLanguage\":\"es\",\"@id\":\"https:\\\/\\\/camping-latama.com\\\/es\\\/herault\\\/la-flora-de-las-bagnas-entre-especies-autoctonas-y-exoticas\\\/#primaryimage\",\"url\":\"https:\\\/\\\/camping-latama.com\\\/wp-content\\\/uploads\\\/2026\\\/03\\\/reserve-du-bagnas2.jpg\",\"contentUrl\":\"https:\\\/\\\/camping-latama.com\\\/wp-content\\\/uploads\\\/2026\\\/03\\\/reserve-du-bagnas2.jpg\",\"width\":1920,\"height\":715,\"caption\":\"Reserva Natural de Bagnas\"},{\"@type\":\"BreadcrumbList\",\"@id\":\"https:\\\/\\\/camping-latama.com\\\/es\\\/herault\\\/la-flora-de-las-bagnas-entre-especies-autoctonas-y-exoticas\\\/#breadcrumb\",\"itemListElement\":[{\"@type\":\"ListItem\",\"position\":1,\"name\":\"Camping Cap d'Agde\",\"item\":\"https:\\\/\\\/camping-latama.com\\\/es\\\/inicio\\\/\"},{\"@type\":\"ListItem\",\"position\":2,\"name\":\"H\u00e9rault\",\"item\":\"https:\\\/\\\/camping-latama.com\\\/es\\\/herault\\\/\"},{\"@type\":\"ListItem\",\"position\":3,\"name\":\"flora de bagnas\"}]},{\"@type\":\"WebSite\",\"@id\":\"https:\\\/\\\/camping-latama.com\\\/es\\\/#website\",\"url\":\"https:\\\/\\\/camping-latama.com\\\/es\\\/\",\"name\":\"Camping La Tamarissi\u00e8re\",\"description\":\"\",\"potentialAction\":[{\"@type\":\"SearchAction\",\"target\":{\"@type\":\"EntryPoint\",\"urlTemplate\":\"https:\\\/\\\/camping-latama.com\\\/es\\\/?s={search_term_string}\"},\"query-input\":{\"@type\":\"PropertyValueSpecification\",\"valueRequired\":true,\"valueName\":\"search_term_string\"}}],\"inLanguage\":\"es\"},{\"@type\":\"Person\",\"@id\":\"https:\\\/\\\/camping-latama.com\\\/es\\\/#\\\/schema\\\/person\\\/5c5865bc2962a9073e655a35378b0889\",\"name\":\"Camping la Tamarissiere\",\"image\":{\"@type\":\"ImageObject\",\"inLanguage\":\"es\",\"@id\":\"https:\\\/\\\/secure.gravatar.com\\\/avatar\\\/242a1bc4b662f1f45b7599579d22ad28dd1d731e84d15dab387bff556238716e?s=96&d=mm&r=g\",\"url\":\"https:\\\/\\\/secure.gravatar.com\\\/avatar\\\/242a1bc4b662f1f45b7599579d22ad28dd1d731e84d15dab387bff556238716e?s=96&d=mm&r=g\",\"contentUrl\":\"https:\\\/\\\/secure.gravatar.com\\\/avatar\\\/242a1bc4b662f1f45b7599579d22ad28dd1d731e84d15dab387bff556238716e?s=96&d=mm&r=g\",\"caption\":\"Camping la Tamarissiere\"}}]}<\/script>\n<!-- \/ Yoast SEO plugin. -->","yoast_head_json":{"title":"La flora de las Bagnas: entre especies aut\u00f3ctonas y ex\u00f3ticas - Camping La Tama","description":"Descubre la flora de las Bagnas, cerca de Agde: especies aut\u00f3ctonas, plantas ex\u00f3ticas y una biodiversidad excepcional en el coraz\u00f3n de una reserva natural para explorar durante tus vacaciones en el H\u00e9rault.","robots":{"index":"index","follow":"follow","max-snippet":"max-snippet:-1","max-image-preview":"max-image-preview:large","max-video-preview":"max-video-preview:-1"},"canonical":"https:\/\/camping-latama.com\/es\/herault\/la-flora-de-las-bagnas-entre-especies-autoctonas-y-exoticas\/","og_locale":"es_ES","og_type":"article","og_title":"La flora de las Bagnas: entre especies aut\u00f3ctonas y ex\u00f3ticas - Camping La Tama","og_description":"Descubre la flora de las Bagnas, cerca de Agde: especies aut\u00f3ctonas, plantas ex\u00f3ticas y una biodiversidad excepcional en el coraz\u00f3n de una reserva natural para explorar durante tus vacaciones en el H\u00e9rault.","og_url":"https:\/\/camping-latama.com\/es\/herault\/la-flora-de-las-bagnas-entre-especies-autoctonas-y-exoticas\/","og_site_name":"Camping La Tama","article_published_time":"2026-03-06T08:10:42+00:00","og_image":[{"width":1920,"height":715,"url":"https:\/\/camping-latama.com\/wp-content\/uploads\/2026\/03\/reserve-du-bagnas2.jpg","type":"image\/jpeg"}],"author":"Camping la Tamarissiere","twitter_card":"summary_large_image","twitter_misc":{"Escrito por":"Camping la Tamarissiere","Tiempo de lectura":"6 minutos"},"schema":{"@context":"https:\/\/schema.org","@graph":[{"@type":"Article","@id":"https:\/\/camping-latama.com\/es\/herault\/la-flora-de-las-bagnas-entre-especies-autoctonas-y-exoticas\/#article","isPartOf":{"@id":"https:\/\/camping-latama.com\/es\/herault\/la-flora-de-las-bagnas-entre-especies-autoctonas-y-exoticas\/"},"author":{"name":"Camping la Tamarissiere","@id":"https:\/\/camping-latama.com\/es\/#\/schema\/person\/5c5865bc2962a9073e655a35378b0889"},"headline":"La flora de las Bagnas: entre especies aut\u00f3ctonas y ex\u00f3ticas","datePublished":"2026-03-06T08:10:42+00:00","mainEntityOfPage":{"@id":"https:\/\/camping-latama.com\/es\/herault\/la-flora-de-las-bagnas-entre-especies-autoctonas-y-exoticas\/"},"wordCount":1288,"commentCount":0,"image":{"@id":"https:\/\/camping-latama.com\/es\/herault\/la-flora-de-las-bagnas-entre-especies-autoctonas-y-exoticas\/#primaryimage"},"thumbnailUrl":"https:\/\/camping-latama.com\/wp-content\/uploads\/2026\/03\/reserve-du-bagnas2.jpg","articleSection":["H\u00e9rault"],"inLanguage":"es","potentialAction":[{"@type":"CommentAction","name":"Comment","target":["https:\/\/camping-latama.com\/es\/herault\/la-flora-de-las-bagnas-entre-especies-autoctonas-y-exoticas\/#respond"]}]},{"@type":"WebPage","@id":"https:\/\/camping-latama.com\/es\/herault\/la-flora-de-las-bagnas-entre-especies-autoctonas-y-exoticas\/","url":"https:\/\/camping-latama.com\/es\/herault\/la-flora-de-las-bagnas-entre-especies-autoctonas-y-exoticas\/","name":"La flora de las Bagnas: entre especies aut\u00f3ctonas y ex\u00f3ticas - Camping La Tama","isPartOf":{"@id":"https:\/\/camping-latama.com\/es\/#website"},"primaryImageOfPage":{"@id":"https:\/\/camping-latama.com\/es\/herault\/la-flora-de-las-bagnas-entre-especies-autoctonas-y-exoticas\/#primaryimage"},"image":{"@id":"https:\/\/camping-latama.com\/es\/herault\/la-flora-de-las-bagnas-entre-especies-autoctonas-y-exoticas\/#primaryimage"},"thumbnailUrl":"https:\/\/camping-latama.com\/wp-content\/uploads\/2026\/03\/reserve-du-bagnas2.jpg","datePublished":"2026-03-06T08:10:42+00:00","author":{"@id":"https:\/\/camping-latama.com\/es\/#\/schema\/person\/5c5865bc2962a9073e655a35378b0889"},"description":"Descubre la flora de las Bagnas, cerca de Agde: especies aut\u00f3ctonas, plantas ex\u00f3ticas y una biodiversidad excepcional en el coraz\u00f3n de una reserva natural para explorar durante tus vacaciones en el H\u00e9rault.","breadcrumb":{"@id":"https:\/\/camping-latama.com\/es\/herault\/la-flora-de-las-bagnas-entre-especies-autoctonas-y-exoticas\/#breadcrumb"},"inLanguage":"es","potentialAction":[{"@type":"ReadAction","target":["https:\/\/camping-latama.com\/es\/herault\/la-flora-de-las-bagnas-entre-especies-autoctonas-y-exoticas\/"]}]},{"@type":"ImageObject","inLanguage":"es","@id":"https:\/\/camping-latama.com\/es\/herault\/la-flora-de-las-bagnas-entre-especies-autoctonas-y-exoticas\/#primaryimage","url":"https:\/\/camping-latama.com\/wp-content\/uploads\/2026\/03\/reserve-du-bagnas2.jpg","contentUrl":"https:\/\/camping-latama.com\/wp-content\/uploads\/2026\/03\/reserve-du-bagnas2.jpg","width":1920,"height":715,"caption":"Reserva Natural de Bagnas"},{"@type":"BreadcrumbList","@id":"https:\/\/camping-latama.com\/es\/herault\/la-flora-de-las-bagnas-entre-especies-autoctonas-y-exoticas\/#breadcrumb","itemListElement":[{"@type":"ListItem","position":1,"name":"Camping Cap d'Agde","item":"https:\/\/camping-latama.com\/es\/inicio\/"},{"@type":"ListItem","position":2,"name":"H\u00e9rault","item":"https:\/\/camping-latama.com\/es\/herault\/"},{"@type":"ListItem","position":3,"name":"flora de bagnas"}]},{"@type":"WebSite","@id":"https:\/\/camping-latama.com\/es\/#website","url":"https:\/\/camping-latama.com\/es\/","name":"Camping La Tamarissi\u00e8re","description":"","potentialAction":[{"@type":"SearchAction","target":{"@type":"EntryPoint","urlTemplate":"https:\/\/camping-latama.com\/es\/?s={search_term_string}"},"query-input":{"@type":"PropertyValueSpecification","valueRequired":true,"valueName":"search_term_string"}}],"inLanguage":"es"},{"@type":"Person","@id":"https:\/\/camping-latama.com\/es\/#\/schema\/person\/5c5865bc2962a9073e655a35378b0889","name":"Camping la Tamarissiere","image":{"@type":"ImageObject","inLanguage":"es","@id":"https:\/\/secure.gravatar.com\/avatar\/242a1bc4b662f1f45b7599579d22ad28dd1d731e84d15dab387bff556238716e?s=96&d=mm&r=g","url":"https:\/\/secure.gravatar.com\/avatar\/242a1bc4b662f1f45b7599579d22ad28dd1d731e84d15dab387bff556238716e?s=96&d=mm&r=g","contentUrl":"https:\/\/secure.gravatar.com\/avatar\/242a1bc4b662f1f45b7599579d22ad28dd1d731e84d15dab387bff556238716e?s=96&d=mm&r=g","caption":"Camping la Tamarissiere"}}]}},"_links":{"self":[{"href":"https:\/\/camping-latama.com\/es\/wp-json\/wp\/v2\/posts\/75574","targetHints":{"allow":["GET"]}}],"collection":[{"href":"https:\/\/camping-latama.com\/es\/wp-json\/wp\/v2\/posts"}],"about":[{"href":"https:\/\/camping-latama.com\/es\/wp-json\/wp\/v2\/types\/post"}],"author":[{"embeddable":true,"href":"https:\/\/camping-latama.com\/es\/wp-json\/wp\/v2\/users\/5"}],"replies":[{"embeddable":true,"href":"https:\/\/camping-latama.com\/es\/wp-json\/wp\/v2\/comments?post=75574"}],"version-history":[{"count":0,"href":"https:\/\/camping-latama.com\/es\/wp-json\/wp\/v2\/posts\/75574\/revisions"}],"wp:featuredmedia":[{"embeddable":true,"href":"https:\/\/camping-latama.com\/es\/wp-json\/wp\/v2\/media\/75578"}],"wp:attachment":[{"href":"https:\/\/camping-latama.com\/es\/wp-json\/wp\/v2\/media?parent=75574"}],"wp:term":[{"taxonomy":"category","embeddable":true,"href":"https:\/\/camping-latama.com\/es\/wp-json\/wp\/v2\/categories?post=75574"},{"taxonomy":"post_tag","embeddable":true,"href":"https:\/\/camping-latama.com\/es\/wp-json\/wp\/v2\/tags?post=75574"}],"curies":[{"name":"wp","href":"https:\/\/api.w.org\/{rel}","templated":true}]}}