{"id":75686,"date":"2026-03-06T08:10:26","date_gmt":"2026-03-06T08:10:26","guid":{"rendered":"https:\/\/camping-latama.com\/nicht-kategorisiert\/die-mythische-deudeuche-rueckkehr-zu-einer-franzoesischen-ikone\/"},"modified":"2026-03-06T08:10:26","modified_gmt":"2026-03-06T08:10:26","slug":"die-mythische-deudeuche-rueckkehr-zu-einer-franzoesischen-ikone","status":"publish","type":"post","link":"https:\/\/camping-latama.com\/de\/herault\/die-mythische-deudeuche-rueckkehr-zu-einer-franzoesischen-ikone\/","title":{"rendered":"Die mythische Deudeuche: R\u00fcckkehr zu einer franz\u00f6sischen Ikone"},"content":{"rendered":"<p>Wie in vielen St\u00e4dten Frankreichs finden auch in <strong>Agde und seinen Badeorten<\/strong> regelm\u00e4\u00dfig Veranstaltungen statt, bei denen sich die &#8222;Liebhaber&#8220; alter Fahrzeuge treffen, um sich \u00fcber ihre gemeinsame Leidenschaft auszutauschen und vor allem ihr eigenes Exemplar zur Schau zu stellen. Eine dieser Veranstaltungen, die im Mai stattfindet, ist das Treffen der Anh\u00e4nger des legend\u00e4ren <strong>2CV CITRO\u00cbN<\/strong>. <\/p>\n<p>Ein Wochenende lang wird die ganze Stadt dieses ber\u00fchmte Auto h\u00f6ren und sehen k\u00f6nnen, das in allen Formen und Farben der Produktion zu sehen sein wird. Und noch viel mehr, denn einige Prototypen, die von findigen Mitgliedern hergestellt wurden, werden zu sehen sein. <\/p>\n<p>&nbsp;<\/p>\n<h2>Der Deuch, die Geschichte eines Mythos<\/h2>\n<p>Der Wagen, der wegen seines Zweizylindermotors &#8220; <strong>deuche<\/strong> &#8222;, &#8220; <strong>deudeuche<\/strong> &#8220; oder auch &#8220; <strong>deux pattes<\/strong> &#8220; genannt wurde, wurde zwischen <strong>1948 und 1990<\/strong> mehr als f\u00fcnf Millionen Mal produziert. Aber kennen Sie die Geschichte dieses Autos, das zu den zehn meistverkauften franz\u00f6sischen Autos in der Geschichte geh\u00f6rt? <\/p>\n<p>Im Jahr 1939 wurde der Prototyp des <strong>CITRO\u00cbN 2CV<\/strong> entwickelt. Dieses &#8222;h\u00e4ssliche Entlein&#8220; aus Wellblech, das an seinem einzigen Scheinwerfer, Scheibenwischer und Kurbelanlasser zu erkennen war, war ein festgelegtes Konzept. Niemand h\u00e4tte sich damals vorstellen k\u00f6nnen, dass dieses Auto aus Blech mit einem Laken als Dach zu einem der gr\u00f6\u00dften Erfolge der franz\u00f6sischen Automobilindustrie werden w\u00fcrde.  <\/p>\n<p>Es dauerte bis zum Ende des Krieges, bis das erste Exemplar erschien, das einem Lastenheft und den Anforderungen der unmittelbaren Nachkriegszeit entsprechen sollte.<\/p>\n<p>&nbsp;<\/p>\n<h3>Das TPV-Projekt (Tout Petite Voiture) wurde gestartet.<\/h3>\n<p>In einer Zeit, in der es beispielsweise in der b\u00e4uerlichen Welt keine Fahrzeuge gab, musste ein Fahrzeug angeboten werden, das nicht auf eine wohlhabende oder st\u00e4dtische Kundschaft ausgerichtet war.<br \/>\nIm \u00dcbrigen hie\u00df es im Lastenheft der <strong>2CV<\/strong> nicht, dass dieser CITROEN   <strong>in der Lage sein, mit einem Korb Eier im Kofferraum \u00fcber ein gepfl\u00fcgtes Feld zu fahren?<\/strong><\/p>\n<p>Und das Ziel wird erreicht.<br \/>\nDas Auto wird ultra-\u00f6konomisch sein. Seine Karosserie wird aus geripptem Blech bestehen, seine Sitze aus Rohren und sein Dach wird mit einer Plane abgedeckt, die zusammengerollt werden kann, um es in ein Cabrio zu verwandeln. Der <strong>2CV<\/strong> ist rustikal, aber dennoch ein technisch intelligentes Auto. Sein winziger Zweizylinder-Flachmotor und seine Luftk\u00fchlung machen ihm auch niedrige Temperaturen nichts aus. Das K\u00fchlwasser wird nicht einfrieren, da es kein K\u00fchlwasser gibt. Die Federung ist originell, auch wenn sie dazu neigt, die Insassen durch Schlagl\u00f6cher in alle Richtungen zu schleudern.     <\/p>\n<p>Am 7. Oktober 1948 hatte der 2CV Schwierigkeiten, aus dem Schatten zu treten. Er wurde unter einer Plane auf dem Automobilsalon vorgestellt und vom Pr\u00e4sidenten der Republik, Ren\u00e9 COTY, enth\u00fcllt. Dieser war nicht sehr begeistert, als er diese Blechb\u00fcchse auf vier R\u00e4dern entdeckte. Wir sind weit entfernt von den prestigetr\u00e4chtigen Produktionen, wie dem Traction der damaligen Zeit. Nicht nur der Pr\u00e4sident der Republik war nicht begeistert. Auch die \u00d6ffentlichkeit wandte sich von dem Wagen ab, der viele Jahre sp\u00e4ter den &#8220; <strong>Deudeuche<\/strong> &#8222;-Effekt hervorrufen sollte. Man muss zugeben, dass der 2CV am Ende des Jahres 1948 noch nicht ausgereift war.      <\/p>\n<p>Im Laufe der Zeit wird dieses kleine Stadtauto, dessen Motor das charakteristische Ger\u00e4usch und den angenehmen Klang erzeugt, seinen Platz bei Jung und Alt finden und sich mit seinen neuen Eigenschaften positiv entwickeln.<\/p>\n<p>Die Produktion war nicht immer in der Lage, die steigende Nachfrage schnell zu befriedigen. Die Wartezeiten wurden immer l\u00e4nger&#8230; Diese Begeisterung hielt bis in die fr\u00fchen 90er Jahre an. Die Deudeuche wird in zahlreichen Modellen und Versionen in schlichten, aber auch schillernden und auff\u00e4lligen Farben angeboten. Es wird f\u00fcr jeden Geschmack etwas dabei sein und niemand wird von einem dieser Modelle unber\u00fchrt bleiben.   <\/p>\n<p><img loading=\"lazy\" decoding=\"async\" class=\"alignnone wp-image-74850 size-full\" src=\"https:\/\/camping-latama.com\/wp-content\/uploads\/2026\/03\/mythique-deudeuche-icone-francaise-2.jpeg\" alt=\"mythische deudeuche franz\u00f6sische Ikone\" width=\"1127\" height=\"343\" srcset=\"https:\/\/camping-latama.com\/wp-content\/uploads\/2026\/03\/mythique-deudeuche-icone-francaise-2.jpeg 1127w, https:\/\/camping-latama.com\/wp-content\/uploads\/2026\/03\/mythique-deudeuche-icone-francaise-2-300x91.jpeg 300w, https:\/\/camping-latama.com\/wp-content\/uploads\/2026\/03\/mythique-deudeuche-icone-francaise-2-1024x312.jpeg 1024w, https:\/\/camping-latama.com\/wp-content\/uploads\/2026\/03\/mythique-deudeuche-icone-francaise-2-768x234.jpeg 768w, https:\/\/camping-latama.com\/wp-content\/uploads\/2026\/03\/mythique-deudeuche-icone-francaise-2-1000x304.jpeg 1000w\" sizes=\"auto, (max-width: 1127px) 100vw, 1127px\" \/><\/p>\n<h2><\/h2>\n<h2>La Deudeuche, das Ende einer \u00c4ra<\/h2>\n<p>Leider wurde die<strong> 2CV<\/strong> durch die immer strenger werdenden Sicherheits- und Umweltbestimmungen in vielen L\u00e4ndern verschm\u00e4ht. Das Stadtauto wird immer \u00e4lter und ist nicht mehr zeitgem\u00e4\u00df. Vor allem aber ist seine Herstellung teuer. Sein Design (vollst\u00e4ndig zerlegbar) ist arbeitsintensiv, da er von Hand zusammengebaut wird, w\u00e4hrend andere Autos von robotergesteuerten Montagelinien produziert werden.   <\/p>\n<p>In einem letzten Aufb\u00e4umen wurde der <strong>2CV 6 CHARLESTON<\/strong> in einer Auflage von 8.000 Exemplaren in den Farben Schwarz und DELAGE-Rot produziert. Am 26. Juli 1990 verlie\u00df der letzte 2CV die Produktionshallen der portugiesischen Fabrik in MANGUALDE, in seiner letzten Version, dem CHARLESTON, aber in der Farbe Kormoran- und Nachtgrau. Er wird dem Direktor der Fabrik vorbehalten sein.  <\/p>\n<p>Nach vierzig Jahren Produktion endet ein Mythos und eine sch\u00f6ne Epoche. Es war eine Zeit, in der dieses kleine Fahrzeug die Stra\u00dfen entlang fuhr und man sich die Zeit nehmen konnte, es zu betrachten, da es langsam fuhr und es nicht selten vorkam, dass K\u00f6pfe aus dem Dach ragten, wenn das Verdeck hinten aufgerollt war. <\/p>\n<h2><\/h2>\n<h2>La Folie Deuch&#8216; an der K\u00fcste von Agathoise<\/h2>\n<p>Dank dieser heutigen Enthusiasten lebt der <strong>Mythos der Duche an der K\u00fcste von Agatha weiter<\/strong> mit  <strong>La Folie Deuch&#8216;.<\/strong>  W\u00e4hrend eines Wochenendes versammelt diese Veranstaltung  <strong>2CV und M\u00e9haris in La Tamarissi\u00e8re, Le Grau d&#8217;Agde, Le Cap d&#8217;Agde und Marseillan Plage.<\/strong><\/p>\n<p><strong>Vom 12. bis 14. Mai 2023<\/strong> werden mehr als 1000 Teilnehmer f\u00fcr die zweite Ausgabe erwartet. Einige Teilnehmer werden sogar auf dem <strong>Campingplatz La Tamarissi\u00e8re<\/strong> \u00fcbernachten, so dass Sie noch mehr Zeit haben werden, die Oldtimer zu bewundern. Treffen wir uns also bald in La Tamarissi\u00e8re, um die Oldtimer zu bewundern, die im Laufe der Zeit zu Dinosauriern werden.  <\/p>\n","protected":false},"excerpt":{"rendered":"<p>Wie in vielen St\u00e4dten Frankreichs finden auch in Agde und seinen Badeorten regelm\u00e4\u00dfig Veranstaltungen statt, bei denen sich die &#8222;Liebhaber&#8220; alter Fahrzeuge treffen, um sich \u00fcber ihre gemeinsame Leidenschaft auszutauschen und vor allem ihr eigenes Exemplar zur Schau zu stellen. Eine dieser Veranstaltungen, die im Mai stattfindet, ist das Treffen der Anh\u00e4nger des legend\u00e4ren 2CV [&hellip;]<\/p>\n","protected":false},"author":5,"featured_media":75687,"comment_status":"open","ping_status":"closed","sticky":false,"template":"","format":"standard","meta":{"_acf_changed":false,"inline_featured_image":false,"footnotes":""},"categories":[109],"tags":[],"class_list":["post-75686","post","type-post","status-publish","format-standard","has-post-thumbnail","hentry","category-herault"],"acf":[],"yoast_head":"<!-- This site is optimized with the Yoast SEO plugin v27.4 - https:\/\/yoast.com\/product\/yoast-seo-wordpress\/ -->\n<title>Die mythische Deudeuche: R\u00fcckkehr zu einer franz\u00f6sischen Ikone - Camping La Tama<\/title>\n<meta name=\"description\" content=\"Die legend\u00e4re Deudeuche, eine zeitlose franz\u00f6sische Ikone: Tauchen Sie ein in die Geschichte des 2CV, ein Symbol f\u00fcr Freiheit und Flucht, das Sie w\u00e4hrend Ihres Urlaubs in der N\u00e4he von Agde wiederentdecken k\u00f6nnen.\" \/>\n<meta name=\"robots\" content=\"index, follow, max-snippet:-1, max-image-preview:large, max-video-preview:-1\" \/>\n<link rel=\"canonical\" href=\"https:\/\/camping-latama.com\/de\/herault\/die-mythische-deudeuche-rueckkehr-zu-einer-franzoesischen-ikone\/\" \/>\n<meta property=\"og:locale\" content=\"de_DE\" \/>\n<meta property=\"og:type\" content=\"article\" \/>\n<meta property=\"og:title\" content=\"Die mythische Deudeuche: R\u00fcckkehr zu einer franz\u00f6sischen Ikone - Camping La Tama\" \/>\n<meta property=\"og:description\" content=\"Die legend\u00e4re Deudeuche, eine zeitlose franz\u00f6sische Ikone: Tauchen Sie ein in die Geschichte des 2CV, ein Symbol f\u00fcr Freiheit und Flucht, das Sie w\u00e4hrend Ihres Urlaubs in der N\u00e4he von Agde wiederentdecken k\u00f6nnen.\" \/>\n<meta property=\"og:url\" content=\"https:\/\/camping-latama.com\/de\/herault\/die-mythische-deudeuche-rueckkehr-zu-einer-franzoesischen-ikone\/\" \/>\n<meta property=\"og:site_name\" content=\"Camping La Tama\" \/>\n<meta property=\"article:published_time\" content=\"2026-03-06T08:10:26+00:00\" \/>\n<meta property=\"og:image\" content=\"https:\/\/camping-latama.com\/wp-content\/uploads\/2026\/03\/mythique-deudeuche-icone-francaise-1-1024x683.png\" \/>\n\t<meta property=\"og:image:width\" content=\"1024\" \/>\n\t<meta property=\"og:image:height\" content=\"683\" \/>\n\t<meta property=\"og:image:type\" content=\"image\/png\" \/>\n<meta name=\"author\" content=\"Camping la Tamarissiere\" \/>\n<meta name=\"twitter:card\" content=\"summary_large_image\" \/>\n<meta name=\"twitter:label1\" content=\"Verfasst von\" \/>\n\t<meta name=\"twitter:data1\" content=\"Camping la Tamarissiere\" \/>\n\t<meta name=\"twitter:label2\" content=\"Gesch\u00e4tzte Lesezeit\" \/>\n\t<meta name=\"twitter:data2\" content=\"4\u00a0Minuten\" \/>\n<script type=\"application\/ld+json\" class=\"yoast-schema-graph\">{\"@context\":\"https:\\\/\\\/schema.org\",\"@graph\":[{\"@type\":\"Article\",\"@id\":\"https:\\\/\\\/camping-latama.com\\\/de\\\/herault\\\/die-mythische-deudeuche-rueckkehr-zu-einer-franzoesischen-ikone\\\/#article\",\"isPartOf\":{\"@id\":\"https:\\\/\\\/camping-latama.com\\\/de\\\/herault\\\/die-mythische-deudeuche-rueckkehr-zu-einer-franzoesischen-ikone\\\/\"},\"author\":{\"name\":\"Camping la Tamarissiere\",\"@id\":\"https:\\\/\\\/camping-latama.com\\\/de\\\/#\\\/schema\\\/person\\\/5c5865bc2962a9073e655a35378b0889\"},\"headline\":\"Die mythische Deudeuche: R\u00fcckkehr zu einer franz\u00f6sischen Ikone\",\"datePublished\":\"2026-03-06T08:10:26+00:00\",\"mainEntityOfPage\":{\"@id\":\"https:\\\/\\\/camping-latama.com\\\/de\\\/herault\\\/die-mythische-deudeuche-rueckkehr-zu-einer-franzoesischen-ikone\\\/\"},\"wordCount\":911,\"commentCount\":0,\"image\":{\"@id\":\"https:\\\/\\\/camping-latama.com\\\/de\\\/herault\\\/die-mythische-deudeuche-rueckkehr-zu-einer-franzoesischen-ikone\\\/#primaryimage\"},\"thumbnailUrl\":\"https:\\\/\\\/camping-latama.com\\\/wp-content\\\/uploads\\\/2026\\\/03\\\/mythique-deudeuche-icone-francaise-1.png\",\"articleSection\":[\"Herault\"],\"inLanguage\":\"de\",\"potentialAction\":[{\"@type\":\"CommentAction\",\"name\":\"Comment\",\"target\":[\"https:\\\/\\\/camping-latama.com\\\/de\\\/herault\\\/die-mythische-deudeuche-rueckkehr-zu-einer-franzoesischen-ikone\\\/#respond\"]}]},{\"@type\":\"WebPage\",\"@id\":\"https:\\\/\\\/camping-latama.com\\\/de\\\/herault\\\/die-mythische-deudeuche-rueckkehr-zu-einer-franzoesischen-ikone\\\/\",\"url\":\"https:\\\/\\\/camping-latama.com\\\/de\\\/herault\\\/die-mythische-deudeuche-rueckkehr-zu-einer-franzoesischen-ikone\\\/\",\"name\":\"Die mythische Deudeuche: R\u00fcckkehr zu einer franz\u00f6sischen Ikone - Camping La Tama\",\"isPartOf\":{\"@id\":\"https:\\\/\\\/camping-latama.com\\\/de\\\/#website\"},\"primaryImageOfPage\":{\"@id\":\"https:\\\/\\\/camping-latama.com\\\/de\\\/herault\\\/die-mythische-deudeuche-rueckkehr-zu-einer-franzoesischen-ikone\\\/#primaryimage\"},\"image\":{\"@id\":\"https:\\\/\\\/camping-latama.com\\\/de\\\/herault\\\/die-mythische-deudeuche-rueckkehr-zu-einer-franzoesischen-ikone\\\/#primaryimage\"},\"thumbnailUrl\":\"https:\\\/\\\/camping-latama.com\\\/wp-content\\\/uploads\\\/2026\\\/03\\\/mythique-deudeuche-icone-francaise-1.png\",\"datePublished\":\"2026-03-06T08:10:26+00:00\",\"author\":{\"@id\":\"https:\\\/\\\/camping-latama.com\\\/de\\\/#\\\/schema\\\/person\\\/5c5865bc2962a9073e655a35378b0889\"},\"description\":\"Die legend\u00e4re Deudeuche, eine zeitlose franz\u00f6sische Ikone: Tauchen Sie ein in die Geschichte des 2CV, ein Symbol f\u00fcr Freiheit und Flucht, das Sie w\u00e4hrend Ihres Urlaubs in der N\u00e4he von Agde wiederentdecken k\u00f6nnen.\",\"breadcrumb\":{\"@id\":\"https:\\\/\\\/camping-latama.com\\\/de\\\/herault\\\/die-mythische-deudeuche-rueckkehr-zu-einer-franzoesischen-ikone\\\/#breadcrumb\"},\"inLanguage\":\"de\",\"potentialAction\":[{\"@type\":\"ReadAction\",\"target\":[\"https:\\\/\\\/camping-latama.com\\\/de\\\/herault\\\/die-mythische-deudeuche-rueckkehr-zu-einer-franzoesischen-ikone\\\/\"]}]},{\"@type\":\"ImageObject\",\"inLanguage\":\"de\",\"@id\":\"https:\\\/\\\/camping-latama.com\\\/de\\\/herault\\\/die-mythische-deudeuche-rueckkehr-zu-einer-franzoesischen-ikone\\\/#primaryimage\",\"url\":\"https:\\\/\\\/camping-latama.com\\\/wp-content\\\/uploads\\\/2026\\\/03\\\/mythique-deudeuche-icone-francaise-1.png\",\"contentUrl\":\"https:\\\/\\\/camping-latama.com\\\/wp-content\\\/uploads\\\/2026\\\/03\\\/mythique-deudeuche-icone-francaise-1.png\",\"width\":1536,\"height\":1024,\"caption\":\"mythische deudeuche franz\u00f6sische Ikone\"},{\"@type\":\"BreadcrumbList\",\"@id\":\"https:\\\/\\\/camping-latama.com\\\/de\\\/herault\\\/die-mythische-deudeuche-rueckkehr-zu-einer-franzoesischen-ikone\\\/#breadcrumb\",\"itemListElement\":[{\"@type\":\"ListItem\",\"position\":1,\"name\":\"Camping Cap d'Agde\",\"item\":\"https:\\\/\\\/camping-latama.com\\\/de\\\/startseite\\\/\"},{\"@type\":\"ListItem\",\"position\":2,\"name\":\"Herault\",\"item\":\"https:\\\/\\\/camping-latama.com\\\/de\\\/herault\\\/\"},{\"@type\":\"ListItem\",\"position\":3,\"name\":\"mythische Deudeuche\"}]},{\"@type\":\"WebSite\",\"@id\":\"https:\\\/\\\/camping-latama.com\\\/de\\\/#website\",\"url\":\"https:\\\/\\\/camping-latama.com\\\/de\\\/\",\"name\":\"Camping La Tamarissi\u00e8re\",\"description\":\"\",\"potentialAction\":[{\"@type\":\"SearchAction\",\"target\":{\"@type\":\"EntryPoint\",\"urlTemplate\":\"https:\\\/\\\/camping-latama.com\\\/de\\\/?s={search_term_string}\"},\"query-input\":{\"@type\":\"PropertyValueSpecification\",\"valueRequired\":true,\"valueName\":\"search_term_string\"}}],\"inLanguage\":\"de\"},{\"@type\":\"Person\",\"@id\":\"https:\\\/\\\/camping-latama.com\\\/de\\\/#\\\/schema\\\/person\\\/5c5865bc2962a9073e655a35378b0889\",\"name\":\"Camping la Tamarissiere\",\"image\":{\"@type\":\"ImageObject\",\"inLanguage\":\"de\",\"@id\":\"https:\\\/\\\/secure.gravatar.com\\\/avatar\\\/242a1bc4b662f1f45b7599579d22ad28dd1d731e84d15dab387bff556238716e?s=96&d=mm&r=g\",\"url\":\"https:\\\/\\\/secure.gravatar.com\\\/avatar\\\/242a1bc4b662f1f45b7599579d22ad28dd1d731e84d15dab387bff556238716e?s=96&d=mm&r=g\",\"contentUrl\":\"https:\\\/\\\/secure.gravatar.com\\\/avatar\\\/242a1bc4b662f1f45b7599579d22ad28dd1d731e84d15dab387bff556238716e?s=96&d=mm&r=g\",\"caption\":\"Camping la Tamarissiere\"}}]}<\/script>\n<!-- \/ Yoast SEO plugin. -->","yoast_head_json":{"title":"Die mythische Deudeuche: R\u00fcckkehr zu einer franz\u00f6sischen Ikone - Camping La Tama","description":"Die legend\u00e4re Deudeuche, eine zeitlose franz\u00f6sische Ikone: Tauchen Sie ein in die Geschichte des 2CV, ein Symbol f\u00fcr Freiheit und Flucht, das Sie w\u00e4hrend Ihres Urlaubs in der N\u00e4he von Agde wiederentdecken k\u00f6nnen.","robots":{"index":"index","follow":"follow","max-snippet":"max-snippet:-1","max-image-preview":"max-image-preview:large","max-video-preview":"max-video-preview:-1"},"canonical":"https:\/\/camping-latama.com\/de\/herault\/die-mythische-deudeuche-rueckkehr-zu-einer-franzoesischen-ikone\/","og_locale":"de_DE","og_type":"article","og_title":"Die mythische Deudeuche: R\u00fcckkehr zu einer franz\u00f6sischen Ikone - Camping La Tama","og_description":"Die legend\u00e4re Deudeuche, eine zeitlose franz\u00f6sische Ikone: Tauchen Sie ein in die Geschichte des 2CV, ein Symbol f\u00fcr Freiheit und Flucht, das Sie w\u00e4hrend Ihres Urlaubs in der N\u00e4he von Agde wiederentdecken k\u00f6nnen.","og_url":"https:\/\/camping-latama.com\/de\/herault\/die-mythische-deudeuche-rueckkehr-zu-einer-franzoesischen-ikone\/","og_site_name":"Camping La Tama","article_published_time":"2026-03-06T08:10:26+00:00","og_image":[{"width":1024,"height":683,"url":"https:\/\/camping-latama.com\/wp-content\/uploads\/2026\/03\/mythique-deudeuche-icone-francaise-1-1024x683.png","type":"image\/png"}],"author":"Camping la Tamarissiere","twitter_card":"summary_large_image","twitter_misc":{"Verfasst von":"Camping la Tamarissiere","Gesch\u00e4tzte Lesezeit":"4\u00a0Minuten"},"schema":{"@context":"https:\/\/schema.org","@graph":[{"@type":"Article","@id":"https:\/\/camping-latama.com\/de\/herault\/die-mythische-deudeuche-rueckkehr-zu-einer-franzoesischen-ikone\/#article","isPartOf":{"@id":"https:\/\/camping-latama.com\/de\/herault\/die-mythische-deudeuche-rueckkehr-zu-einer-franzoesischen-ikone\/"},"author":{"name":"Camping la Tamarissiere","@id":"https:\/\/camping-latama.com\/de\/#\/schema\/person\/5c5865bc2962a9073e655a35378b0889"},"headline":"Die mythische Deudeuche: R\u00fcckkehr zu einer franz\u00f6sischen Ikone","datePublished":"2026-03-06T08:10:26+00:00","mainEntityOfPage":{"@id":"https:\/\/camping-latama.com\/de\/herault\/die-mythische-deudeuche-rueckkehr-zu-einer-franzoesischen-ikone\/"},"wordCount":911,"commentCount":0,"image":{"@id":"https:\/\/camping-latama.com\/de\/herault\/die-mythische-deudeuche-rueckkehr-zu-einer-franzoesischen-ikone\/#primaryimage"},"thumbnailUrl":"https:\/\/camping-latama.com\/wp-content\/uploads\/2026\/03\/mythique-deudeuche-icone-francaise-1.png","articleSection":["Herault"],"inLanguage":"de","potentialAction":[{"@type":"CommentAction","name":"Comment","target":["https:\/\/camping-latama.com\/de\/herault\/die-mythische-deudeuche-rueckkehr-zu-einer-franzoesischen-ikone\/#respond"]}]},{"@type":"WebPage","@id":"https:\/\/camping-latama.com\/de\/herault\/die-mythische-deudeuche-rueckkehr-zu-einer-franzoesischen-ikone\/","url":"https:\/\/camping-latama.com\/de\/herault\/die-mythische-deudeuche-rueckkehr-zu-einer-franzoesischen-ikone\/","name":"Die mythische Deudeuche: R\u00fcckkehr zu einer franz\u00f6sischen Ikone - Camping La Tama","isPartOf":{"@id":"https:\/\/camping-latama.com\/de\/#website"},"primaryImageOfPage":{"@id":"https:\/\/camping-latama.com\/de\/herault\/die-mythische-deudeuche-rueckkehr-zu-einer-franzoesischen-ikone\/#primaryimage"},"image":{"@id":"https:\/\/camping-latama.com\/de\/herault\/die-mythische-deudeuche-rueckkehr-zu-einer-franzoesischen-ikone\/#primaryimage"},"thumbnailUrl":"https:\/\/camping-latama.com\/wp-content\/uploads\/2026\/03\/mythique-deudeuche-icone-francaise-1.png","datePublished":"2026-03-06T08:10:26+00:00","author":{"@id":"https:\/\/camping-latama.com\/de\/#\/schema\/person\/5c5865bc2962a9073e655a35378b0889"},"description":"Die legend\u00e4re Deudeuche, eine zeitlose franz\u00f6sische Ikone: Tauchen Sie ein in die Geschichte des 2CV, ein Symbol f\u00fcr Freiheit und Flucht, das Sie w\u00e4hrend Ihres Urlaubs in der N\u00e4he von Agde wiederentdecken k\u00f6nnen.","breadcrumb":{"@id":"https:\/\/camping-latama.com\/de\/herault\/die-mythische-deudeuche-rueckkehr-zu-einer-franzoesischen-ikone\/#breadcrumb"},"inLanguage":"de","potentialAction":[{"@type":"ReadAction","target":["https:\/\/camping-latama.com\/de\/herault\/die-mythische-deudeuche-rueckkehr-zu-einer-franzoesischen-ikone\/"]}]},{"@type":"ImageObject","inLanguage":"de","@id":"https:\/\/camping-latama.com\/de\/herault\/die-mythische-deudeuche-rueckkehr-zu-einer-franzoesischen-ikone\/#primaryimage","url":"https:\/\/camping-latama.com\/wp-content\/uploads\/2026\/03\/mythique-deudeuche-icone-francaise-1.png","contentUrl":"https:\/\/camping-latama.com\/wp-content\/uploads\/2026\/03\/mythique-deudeuche-icone-francaise-1.png","width":1536,"height":1024,"caption":"mythische deudeuche franz\u00f6sische Ikone"},{"@type":"BreadcrumbList","@id":"https:\/\/camping-latama.com\/de\/herault\/die-mythische-deudeuche-rueckkehr-zu-einer-franzoesischen-ikone\/#breadcrumb","itemListElement":[{"@type":"ListItem","position":1,"name":"Camping Cap d'Agde","item":"https:\/\/camping-latama.com\/de\/startseite\/"},{"@type":"ListItem","position":2,"name":"Herault","item":"https:\/\/camping-latama.com\/de\/herault\/"},{"@type":"ListItem","position":3,"name":"mythische Deudeuche"}]},{"@type":"WebSite","@id":"https:\/\/camping-latama.com\/de\/#website","url":"https:\/\/camping-latama.com\/de\/","name":"Camping La Tamarissi\u00e8re","description":"","potentialAction":[{"@type":"SearchAction","target":{"@type":"EntryPoint","urlTemplate":"https:\/\/camping-latama.com\/de\/?s={search_term_string}"},"query-input":{"@type":"PropertyValueSpecification","valueRequired":true,"valueName":"search_term_string"}}],"inLanguage":"de"},{"@type":"Person","@id":"https:\/\/camping-latama.com\/de\/#\/schema\/person\/5c5865bc2962a9073e655a35378b0889","name":"Camping la Tamarissiere","image":{"@type":"ImageObject","inLanguage":"de","@id":"https:\/\/secure.gravatar.com\/avatar\/242a1bc4b662f1f45b7599579d22ad28dd1d731e84d15dab387bff556238716e?s=96&d=mm&r=g","url":"https:\/\/secure.gravatar.com\/avatar\/242a1bc4b662f1f45b7599579d22ad28dd1d731e84d15dab387bff556238716e?s=96&d=mm&r=g","contentUrl":"https:\/\/secure.gravatar.com\/avatar\/242a1bc4b662f1f45b7599579d22ad28dd1d731e84d15dab387bff556238716e?s=96&d=mm&r=g","caption":"Camping la Tamarissiere"}}]}},"_links":{"self":[{"href":"https:\/\/camping-latama.com\/de\/wp-json\/wp\/v2\/posts\/75686","targetHints":{"allow":["GET"]}}],"collection":[{"href":"https:\/\/camping-latama.com\/de\/wp-json\/wp\/v2\/posts"}],"about":[{"href":"https:\/\/camping-latama.com\/de\/wp-json\/wp\/v2\/types\/post"}],"author":[{"embeddable":true,"href":"https:\/\/camping-latama.com\/de\/wp-json\/wp\/v2\/users\/5"}],"replies":[{"embeddable":true,"href":"https:\/\/camping-latama.com\/de\/wp-json\/wp\/v2\/comments?post=75686"}],"version-history":[{"count":0,"href":"https:\/\/camping-latama.com\/de\/wp-json\/wp\/v2\/posts\/75686\/revisions"}],"wp:featuredmedia":[{"embeddable":true,"href":"https:\/\/camping-latama.com\/de\/wp-json\/wp\/v2\/media\/75687"}],"wp:attachment":[{"href":"https:\/\/camping-latama.com\/de\/wp-json\/wp\/v2\/media?parent=75686"}],"wp:term":[{"taxonomy":"category","embeddable":true,"href":"https:\/\/camping-latama.com\/de\/wp-json\/wp\/v2\/categories?post=75686"},{"taxonomy":"post_tag","embeddable":true,"href":"https:\/\/camping-latama.com\/de\/wp-json\/wp\/v2\/tags?post=75686"}],"curies":[{"name":"wp","href":"https:\/\/api.w.org\/{rel}","templated":true}]}}