{"id":75648,"date":"2026-03-06T08:09:47","date_gmt":"2026-03-06T08:09:47","guid":{"rendered":"https:\/\/camping-latama.com\/nicht-kategorisiert\/ein-bummel-ueber-einen-markt-in-agde-ein-lokales-vergnuegen-zum-geniessen\/"},"modified":"2026-03-06T08:09:47","modified_gmt":"2026-03-06T08:09:47","slug":"ein-bummel-ueber-einen-markt-in-agde-ein-lokales-vergnuegen-zum-geniessen","status":"publish","type":"post","link":"https:\/\/camping-latama.com\/de\/herault\/agde\/ein-bummel-ueber-einen-markt-in-agde-ein-lokales-vergnuegen-zum-geniessen\/","title":{"rendered":"Ein Bummel \u00fcber einen Markt in Agde: ein lokales Vergn\u00fcgen zum Genie\u00dfen"},"content":{"rendered":"<p>Sehr geehrter Besucher, sehr geehrte Touristin, sehr geehrter Agathianer auf der Suche nach Informationen,<\/p>\n<p>Haben Sie schon einmal einen Spaziergang oder einen Einkaufsbummel auf einem <strong>Markt in Agde<\/strong>gemacht?<\/p>\n<p>Wenn Sie Sinnesfreuden, authentische Begegnungen und umweltbewusste Praktiken miteinander verbinden m\u00f6chten, sind die <strong>lokalen M\u00e4rkte in Agde<\/strong> ein Muss.<\/p>\n<p>\ud83d\ude0b Folgen Sie uns auf diesem Gourmet-Ausflug, der nach S\u00fcden riecht, wo lokale Produkte und Know-how aufeinandertreffen.<\/p>\n<p>Psst: Wenn Sie nach Informationen \u00fcber den <strong>Weihnachtsmarkt in Agde im Jahr 2024<\/strong> suchen, gehen Sie bitte zum Ende des Artikels!<\/p>\n<p>&nbsp;<\/p>\n<h2>Warum sollten Sie den Markt in Agde besuchen?<\/h2>\n<p>Ein Markt ist nicht nur ein Ort, an dem man einkaufen kann. Er ist ein Erlebnis! <\/p>\n<p>Wie \u00fcberall hat auch in Agde jeder Markt seine eigene Atmosph\u00e4re, seine eigenen Farben und seine eigenen Sch\u00e4tze.<\/p>\n<p>Mit Ihrem Einkauf unterst\u00fctzen Sie die <strong>lokalen Erzeuger<\/strong>, die sich mit Leib und Seele f\u00fcr <strong>Qualit\u00e4tsprodukte<\/strong> einsetzen, die oftmals biologisch oder aus nachhaltiger Landwirtschaft stammen.<\/p>\n<p>Was ist der Bonus? Keine unn\u00f6tigen Verpackungen mehr, Sie k\u00f6nnen Ihren Einkaufskorb direkt vor Ort f\u00fcllen, im <strong>Null-Abfall-Modus<\/strong>. Praktisch, nicht wahr?  <\/p>\n<p>Kurz gesagt, <strong>ein Marktbesuch in Agde<\/strong> ist :<\/p>\n<ul>\n<li><strong>Unterst\u00fctzung der lokalen Wirtschaft<\/strong> <strong>:<\/strong> Indem Sie auf dem Markt einkaufen, f\u00f6rdern Sie die lokalen Erzeuger und Handwerker;<\/li>\n<li><strong>Frische und saisonale Produkte genie\u00dfen:<\/strong> Die angebotenen Produkte sind frischer und schmackhafter als die, die man in Superm\u00e4rkten findet;<\/li>\n<li><strong>Entdecken Sie das lokale Erbe:<\/strong> Der Markt spiegelt die Kultur und die Traditionen der Region wider;<\/li>\n<li><strong>eine angenehme Zeit verbringen:<\/strong> Der Markt ist ein idealer Ort zum Bummeln, Plaudern und Schn\u00e4ppchen machen.<\/li>\n<\/ul>\n<p><img loading=\"lazy\" decoding=\"async\" class=\"alignnone size-full wp-image-75328\" src=\"https:\/\/camping-latama.com\/wp-content\/uploads\/2026\/03\/consommation-locale.jpg\" alt=\"Markt\" width=\"1127\" height=\"343\" srcset=\"https:\/\/camping-latama.com\/wp-content\/uploads\/2026\/03\/consommation-locale.jpg 1127w, https:\/\/camping-latama.com\/wp-content\/uploads\/2026\/03\/consommation-locale-300x91.jpg 300w, https:\/\/camping-latama.com\/wp-content\/uploads\/2026\/03\/consommation-locale-1024x312.jpg 1024w, https:\/\/camping-latama.com\/wp-content\/uploads\/2026\/03\/consommation-locale-768x234.jpg 768w, https:\/\/camping-latama.com\/wp-content\/uploads\/2026\/03\/consommation-locale-1000x304.jpg 1000w\" sizes=\"auto, (max-width: 1127px) 100vw, 1127px\" \/><\/p>\n<h2><\/h2>\n<h2>M\u00e4rkte in Agde, die Sie nicht verpassen sollten<\/h2>\n<p>Aktuell :<\/p>\n<h2>Wochenmarkt in Agde<\/h2>\n<p>\ud83d\udcc5 Wann? Jeden Donnerstagmorgen von 6.30 bis 13.00 Uhr. <\/p>\n<p>\ud83d\udccd Wo? Im Stadtzentrum, auf den Parkpl\u00e4tzen Calade und Moulin des \u00e9v\u00eaques und dem Place Jean Jaur\u00e8s (1 Stunde zu Fu\u00df oder 15 Minuten mit dem Fahrrad vom Campingplatz La Tamarissi\u00e8re, entlang des H\u00e9rault). <\/p>\n<p><span style=\"letter-spacing: 0.48px;\">Dieser Markt ist das pulsierende Herz der Stadt.  <\/span><\/p>\n<section class=\"elementor-section elementor-top-section elementor-element elementor-element-572e107 elementor-section-boxed elementor-section-height-default elementor-section-height-default\" data-rocket-location-hash=\"646481f30dcb1134365b27ac1d48a99e\" data-id=\"572e107\" data-element_type=\"section\">\n<div class=\"elementor-container elementor-column-gap-default\">\n<div class=\"elementor-column elementor-col-100 elementor-top-column elementor-element elementor-element-51292b4\" data-id=\"51292b4\" data-element_type=\"column\">\n<div class=\"elementor-widget-wrap elementor-element-populated\">\n<div class=\"elementor-element elementor-element-ffeec3f elementor-widget elementor-widget-text-editor\" data-id=\"ffeec3f\" data-element_type=\"widget\" data-widget_type=\"text-editor.default\">\n<div class=\"elementor-widget-container\">\n<p>Sonnenverw\u00f6hntes Obst und Gem\u00fcse, zart eingelegte Oliven, K\u00e4se aus der Region und fangfrischer Fisch &#8211; hier gibt es alles, um Ihren Gaumen zu verw\u00f6hnen.<\/p>\n<p>Verpassen Sie nicht die St\u00e4nde der lokalen Kunsthandwerker, die selbstgemachte Seifen, T\u00f6pferwaren, Blumen und Kleidung anbieten.<\/p>\n<p>Der Clou: Die typisch mediterrane Atmosph\u00e4re mit dem Duft von Thymian, Knoblauch und Lavendel, der in der Luft liegt.<\/p>\n<p>&nbsp;<\/p>\n<\/div>\n<\/div>\n<\/div>\n<\/div>\n<\/div>\n<\/section>\n<section class=\"elementor-section elementor-top-section elementor-element elementor-element-bdfc520 elementor-section-boxed elementor-section-height-default elementor-section-height-default\" data-rocket-location-hash=\"d543eabbf93740cb29b94c0ba5c44659\" data-id=\"bdfc520\" data-element_type=\"section\">\n<div class=\"elementor-container elementor-column-gap-default\">\n<div class=\"elementor-column elementor-col-100 elementor-top-column elementor-element elementor-element-e4fc883\" data-id=\"e4fc883\" data-element_type=\"column\">\n<div class=\"elementor-widget-wrap elementor-element-populated\">\n<div class=\"elementor-element elementor-element-eb4f380 elementor-widget elementor-widget-heading\" data-id=\"eb4f380\" data-element_type=\"widget\" data-widget_type=\"heading.default\">\n<div class=\"elementor-widget-container\">\n<h2 class=\"elementor-heading-title elementor-size-default\">Der traditionelle Markt in Grau d&#8217;Agde<\/h2>\n<\/div>\n<\/div>\n<\/div>\n<\/div>\n<\/div>\n<\/section>\n<section class=\"elementor-section elementor-top-section elementor-element elementor-element-021f39c elementor-section-boxed elementor-section-height-default elementor-section-height-default\" data-rocket-location-hash=\"245afecda78eecbdd729a6bb61dfafe6\" data-id=\"021f39c\" data-element_type=\"section\">\n<div class=\"elementor-container elementor-column-gap-default\">\n<div class=\"elementor-column elementor-col-100 elementor-top-column elementor-element elementor-element-622dfd1\" data-id=\"622dfd1\" data-element_type=\"column\">\n<div class=\"elementor-widget-wrap elementor-element-populated\">\n<div class=\"elementor-element elementor-element-21d356d elementor-widget elementor-widget-text-editor\" data-id=\"21d356d\" data-element_type=\"widget\" data-widget_type=\"text-editor.default\">\n<div class=\"elementor-widget-container\">\n<p>\ud83d\udcc5 Wann? Vom 1\u1d49\u02b3 April bis 30. September: t\u00e4glich; von Oktober bis M\u00e4rz: jeden Donnerstag und Sonntag, von 6.30 bis 13.00 Uhr. <\/p>\n<p>\ud83d\udccd Wo? Place de la R\u00e9publique (8 Minuten zu Fu\u00df und 4 Minuten mit dem Fahrrad vom <a href=\"https:\/\/camping-latama.com\/\">Campingplatz La Tamarissi\u00e8re<\/a>) <\/p>\n<p>Kunsthandwerk und Gastronomie stehen auf dem Programm!<\/p>\n<p>&nbsp;<\/p>\n<h2>Der traditionelle Markt in Cap d&#8217;Agde<\/h2>\n<p>\ud83d\udcc5 Wann? Jeden Samstagmorgen von 6.30 bis 13.00 Uhr<\/p>\n<p>\ud83d\udccd Wo? Auf der Rambla du Soleil im Herzen des Ferienortes Cap d&#8217;Agde (15 Minuten zu Fu\u00df, 4 Minuten mit dem Fahrrad vom Campingplatz La Clape Village aus) <\/p>\n<h2><\/h2>\n<h2>Der Nachtmarkt in Grau d&#8217;Agde<\/h2>\n<p>\ud83d\udcc5 Wann? Jeden Montagabend im Sommer<\/p>\n<p>\ud83d\udccd Wo? Front de mer du Grau d&#8217;Agde <\/p>\n<p>Lust auf einen etwas anderen Markt? Dann gehen Sie nach Grau d&#8217;Agde zu einem Nachtmarkt, der Kunsthandwerk und Leckereien miteinander verbindet. <\/p>\n<p>Es ist die perfekte Zeit, um eine Muschel-Brasucade zu probieren, ein lokales Gericht aus Miesmuscheln, die \u00fcber dem Holzfeuer gegrillt werden, oder eine s\u00fc\u00dfe Leckerei zu genie\u00dfen, w\u00e4hrend Sie den Sonnenuntergang \u00fcber dem Meer beobachten.<\/p>\n<p>Das Besondere: Die Stra\u00dfenk\u00fcnstler, die Ihre Spazierg\u00e4nge beleben.<\/p>\n<p>&nbsp;<\/p>\n<h2>Der Markt von La Tamarissi\u00e8re<\/h2>\n<p>\ud83d\udcc5 Wann? Jeden Mittwoch im Juli und August von 7.00 bis 13.00 Uhr. <\/p>\n<p>\ud83d\udccd Wo? Place du Commandant Malet in La Tamarissi\u00e8re <\/p>\n<p>&nbsp;<\/p>\n<p>N\u00e4her kann man dem Campingplatz La Tamarissi\u00e8re nicht kommen!<\/p>\n<p>Schlendern Sie \u00fcber diesen traditionellen Markt, um sich mit Lebensmitteln einzudecken und ein Picknick am Strand vorzubereiten.<\/p>\n<p>&nbsp;<\/p>\n<p>\u2728Schlendern Sie am Abend von 18 Uhr bis Mitternacht \u00fcber den <b>Nachtmarkt von La Tamarissi\u00e8re<\/b> und genie\u00dfen Sie die K\u00fchle nach einem hei\u00dfen, sonnigen Tag.<\/p>\n<p>&nbsp;<\/p>\n<p style=\"text-align: right;\">Programm der M\u00e4rkte von Agde aktualisiert im September 2024 \u00a9 Cap d&#8217;Agde M\u00e9diterran\u00e9e<\/p>\n<h2>M\u00e4rkte in der Umgebung von Agde<\/h2>\n<p>In der Umgebung von Agde ist der Markt von Vias-Plage einer der beliebtesten M\u00e4rkte.<\/p>\n<p>&nbsp;<\/p>\n<h2>Der Bauernmarkt in Vias-Plage<\/h2>\n<p>Der <strong>Bauernmarkt von Vias-Plage<\/strong> findet von Mitte Juni bis Mitte September an der Strandpromenade auf dem Parkplatz Farinette statt. Er ist t\u00e4glich von 8:00 bis 13:00 Uhr ge\u00f6ffnet. Im August \u00e4ndert sich der Rhythmus und er findet nur montags von 8:30 bis 12:30 Uhr statt. <\/p>\n<p>Etwa zwanzig Aussteller erwarten Sie, um Ihnen lokale Produkte vorzustellen, bei denen die kurzen Wege und die Authentizit\u00e4t der Geschm\u00e4cker im Vordergrund stehen. Dies ist die ideale Gelegenheit, mit passionierten Produzenten zu sprechen und Qualit\u00e4tsprodukte zu probieren: Ziegenk\u00e4se, Bio-Wurst, Tiella Agathoise&#8230; <\/p>\n<p>Obst und Gem\u00fcse, Bio-Fleisch, K\u00e4se, handwerklich hergestelltes Brot, Meeresfr\u00fcchte, Weine und Feinkost laden Sie zu einer Reise der Gaumenfreuden ein!<\/p>\n<p>&nbsp;<\/p>\n<h2>Weitere M\u00e4rkte in der N\u00e4he von Agde<\/h2>\n<p>Die folgende Liste wurde vom Fremdenverkehrsamt Cap d&#8217;Agde M\u00e9diterran\u00e9e zur Verf\u00fcgung gestellt. Einige sind w\u00f6chentlich, andere saisonal. Sie kann daher jedes Jahr aktualisiert werden. Dies ist nur ein Auszug, bitte besuchen Sie die Website f\u00fcr weitere Informationen!   <\/p>\n<p><img loading=\"lazy\" decoding=\"async\" class=\"alignnone size-full wp-image-75329\" src=\"https:\/\/camping-latama.com\/wp-content\/uploads\/2026\/03\/marche-cap-dagde1.jpg\" alt=\"\" width=\"1127\" height=\"343\" srcset=\"https:\/\/camping-latama.com\/wp-content\/uploads\/2026\/03\/marche-cap-dagde1.jpg 1127w, https:\/\/camping-latama.com\/wp-content\/uploads\/2026\/03\/marche-cap-dagde1-300x91.jpg 300w, https:\/\/camping-latama.com\/wp-content\/uploads\/2026\/03\/marche-cap-dagde1-1024x312.jpg 1024w, https:\/\/camping-latama.com\/wp-content\/uploads\/2026\/03\/marche-cap-dagde1-768x234.jpg 768w, https:\/\/camping-latama.com\/wp-content\/uploads\/2026\/03\/marche-cap-dagde1-1000x304.jpg 1000w\" sizes=\"auto, (max-width: 1127px) 100vw, 1127px\" \/><\/p>\n<h2><\/h2>\n<h2>Ein gr\u00fcnerer Tourismus muss auch auf den Teller kommen<\/h2>\n<p>Die Bevorzugung lokaler M\u00e4rkte ist auch eine umweltfreundliche Wahl.<\/p>\n<p>Keine Produkte vom anderen Ende der Welt, sondern in der N\u00e4he angebaut oder hergestellt.<\/p>\n<p>Sie reduzieren Ihren CO2-Fu\u00dfabdruck und tragen zur lokalen Wirtschaft bei.<\/p>\n<p>Und seien wir ehrlich: Es gibt nichts Besseres als den Geschmack einer sonnengereiften Frucht, die direkt vom Erzeuger gekauft wurde.<\/p>\n<p>&nbsp;<\/p>\n<p>Lesen Sie auch: Die 8 besten Praktiken des \u00d6ko-Campings<\/p>\n<p>&nbsp;<\/p>\n<h2>Eine kleine Geste, eine gro\u00dfe Wirkung<\/h2>\n<p>Bitte denken Sie daran, Stofftaschen oder Weidenk\u00f6rbe mitzubringen, um diese <strong>umweltfreundliche Vorgehensweise<\/strong> zu unterst\u00fctzen.<\/p>\n<p>Verweigern Sie Plastikt\u00fcten (die angeblich ohnehin verboten sind) und bevorzugen Sie wiederverwendbare Beh\u00e4lter f\u00fcr Ihre Eink\u00e4ufe.<\/p>\n<p>Es ist einfach, aber es macht einen gro\u00dfen Unterschied!<\/p>\n<p>Ein letzter Ratschlag, den Sie sicher schon kennen: Gehen Sie nicht mit leerem Magen einkaufen! Wenn Sie hungrig sind, werden Sie mehr kaufen, als Sie sollten. Und in dieser <strong>Europ\u00e4ischen Woche zur Abfallvermeidung<\/strong> mit dem Thema Besser essen, weniger verschwenden m\u00fcssen wir Sie daran erinnern!  <\/p>\n<p>&nbsp;<\/p>\n<h2>Und nach dem Markt?<\/h2>\n<p>Warum sollten Sie das Experiment nicht verl\u00e4ngern?<\/p>\n<p>Hier sind einige Ideen, um Ihre Lust auf Regionalit\u00e4t und Feinschmeckeraktivit\u00e4ten zu stillen:<\/p>\n<ul>\n<li><strong>Lokales Picknick<\/strong> <strong>:<\/strong> Nehmen Sie Ihre Funde mit an das Ufer des H\u00e9rault oder an den Strand.<\/li>\n<li><strong>Kochworkshops:<\/strong> Verwandeln Sie Ihre Eink\u00e4ufe in eine typische Mahlzeit aus Agath (Ratatouille, Tielles oder hausgemachte Tapenade).<\/li>\n<li><strong>Weingutsbesuche:<\/strong> Einige lokale Winzer bieten Weinproben und Besichtigungen an, um alles \u00fcber die Weine der Region zu erfahren.<\/li>\n<\/ul>\n<h2>Oh Ho Ho&#8230; Und der Weihnachtsmarkt in Agde? <\/h2>\n<p>Das h\u00e4tten wir fast vergessen! Der Weihnachtsmarkt in Agde wird bald er\u00f6ffnet! Das <strong>Weihnachtsdorf<\/strong> befindet sich in Cap d&#8217;Agde (Centre Port) und bietet jedes Jahr zur Weihnachtszeit ein m\u00e4rchenhaftes Erlebnis.  <\/p>\n<p>Vom <strong>Palais des Congr\u00e8s Cap d&#8217;Agde M\u00e9diterran\u00e9e<\/strong> bis zum <strong>Riesenrad im Hafenzentrum<\/strong> wird sich das Weihnachtsdorf in einer festlichen Atmosph\u00e4re entfalten. Die ideale Gelegenheit, um unvergessliche Momente mit Ihren Lieben zu teilen. <\/p>\n<\/div>\n<\/div>\n<\/div>\n<\/div>\n<\/div>\n<\/section>\n","protected":false},"excerpt":{"rendered":"<p>Sehr geehrter Besucher, sehr geehrte Touristin, sehr geehrter Agathianer auf der Suche nach Informationen, Haben Sie schon einmal einen Spaziergang oder einen Einkaufsbummel auf einem Markt in Agdegemacht? Wenn Sie Sinnesfreuden, authentische Begegnungen und umweltbewusste Praktiken miteinander verbinden m\u00f6chten, sind die lokalen M\u00e4rkte in Agde ein Muss. \ud83d\ude0b Folgen Sie uns auf diesem Gourmet-Ausflug, der [&hellip;]<\/p>\n","protected":false},"author":5,"featured_media":75652,"comment_status":"open","ping_status":"closed","sticky":false,"template":"","format":"standard","meta":{"_acf_changed":false,"inline_featured_image":false,"footnotes":""},"categories":[102],"tags":[],"class_list":["post-75648","post","type-post","status-publish","format-standard","has-post-thumbnail","hentry","category-agde"],"acf":[],"yoast_head":"<!-- This site is optimized with the Yoast SEO plugin v27.4 - https:\/\/yoast.com\/product\/yoast-seo-wordpress\/ -->\n<title>Markt in Agde: Tage, \u00d6ffnungszeiten und gute lokale Adressen<\/title>\n<meta name=\"description\" content=\"Entdecken Sie die M\u00e4rkte von Agde: Tage, Uhrzeiten, Atmosph\u00e4re, lokale Produkte und Tipps f\u00fcr einen kulinarischen und umweltbewussten Ausflug in den S\u00fcden.\" \/>\n<meta name=\"robots\" content=\"index, follow, max-snippet:-1, max-image-preview:large, max-video-preview:-1\" \/>\n<link rel=\"canonical\" href=\"https:\/\/camping-latama.com\/de\/herault\/agde\/ein-bummel-ueber-einen-markt-in-agde-ein-lokales-vergnuegen-zum-geniessen\/\" \/>\n<meta property=\"og:locale\" content=\"de_DE\" \/>\n<meta property=\"og:type\" content=\"article\" \/>\n<meta property=\"og:title\" content=\"Markt in Agde: Tage, \u00d6ffnungszeiten und gute lokale Adressen\" \/>\n<meta property=\"og:description\" content=\"Entdecken Sie die M\u00e4rkte von Agde: Tage, Uhrzeiten, Atmosph\u00e4re, lokale Produkte und Tipps f\u00fcr einen kulinarischen und umweltbewussten Ausflug in den S\u00fcden.\" \/>\n<meta property=\"og:url\" content=\"https:\/\/camping-latama.com\/de\/herault\/agde\/ein-bummel-ueber-einen-markt-in-agde-ein-lokales-vergnuegen-zum-geniessen\/\" \/>\n<meta property=\"og:site_name\" content=\"Camping La Tama\" \/>\n<meta property=\"article:published_time\" content=\"2026-03-06T08:09:47+00:00\" \/>\n<meta property=\"og:image\" content=\"https:\/\/camping-latama.com\/wp-content\/uploads\/2026\/03\/marche-1.jpg\" \/>\n\t<meta property=\"og:image:width\" content=\"1920\" \/>\n\t<meta property=\"og:image:height\" content=\"715\" \/>\n\t<meta property=\"og:image:type\" content=\"image\/jpeg\" \/>\n<meta name=\"author\" content=\"Camping la Tamarissiere\" \/>\n<meta name=\"twitter:card\" content=\"summary_large_image\" \/>\n<meta name=\"twitter:label1\" content=\"Verfasst von\" \/>\n\t<meta name=\"twitter:data1\" content=\"Camping la Tamarissiere\" \/>\n\t<meta name=\"twitter:label2\" content=\"Gesch\u00e4tzte Lesezeit\" \/>\n\t<meta name=\"twitter:data2\" content=\"6\u00a0Minuten\" \/>\n<script type=\"application\/ld+json\" class=\"yoast-schema-graph\">{\"@context\":\"https:\\\/\\\/schema.org\",\"@graph\":[{\"@type\":\"Article\",\"@id\":\"https:\\\/\\\/camping-latama.com\\\/de\\\/herault\\\/agde\\\/ein-bummel-ueber-einen-markt-in-agde-ein-lokales-vergnuegen-zum-geniessen\\\/#article\",\"isPartOf\":{\"@id\":\"https:\\\/\\\/camping-latama.com\\\/de\\\/herault\\\/agde\\\/ein-bummel-ueber-einen-markt-in-agde-ein-lokales-vergnuegen-zum-geniessen\\\/\"},\"author\":{\"name\":\"Camping la Tamarissiere\",\"@id\":\"https:\\\/\\\/camping-latama.com\\\/de\\\/#\\\/schema\\\/person\\\/5c5865bc2962a9073e655a35378b0889\"},\"headline\":\"Ein Bummel \u00fcber einen Markt in Agde: ein lokales Vergn\u00fcgen zum Genie\u00dfen\",\"datePublished\":\"2026-03-06T08:09:47+00:00\",\"mainEntityOfPage\":{\"@id\":\"https:\\\/\\\/camping-latama.com\\\/de\\\/herault\\\/agde\\\/ein-bummel-ueber-einen-markt-in-agde-ein-lokales-vergnuegen-zum-geniessen\\\/\"},\"wordCount\":1216,\"commentCount\":0,\"image\":{\"@id\":\"https:\\\/\\\/camping-latama.com\\\/de\\\/herault\\\/agde\\\/ein-bummel-ueber-einen-markt-in-agde-ein-lokales-vergnuegen-zum-geniessen\\\/#primaryimage\"},\"thumbnailUrl\":\"https:\\\/\\\/camping-latama.com\\\/wp-content\\\/uploads\\\/2026\\\/03\\\/marche-1.jpg\",\"articleSection\":[\"Agde\"],\"inLanguage\":\"de\",\"potentialAction\":[{\"@type\":\"CommentAction\",\"name\":\"Comment\",\"target\":[\"https:\\\/\\\/camping-latama.com\\\/de\\\/herault\\\/agde\\\/ein-bummel-ueber-einen-markt-in-agde-ein-lokales-vergnuegen-zum-geniessen\\\/#respond\"]}]},{\"@type\":\"WebPage\",\"@id\":\"https:\\\/\\\/camping-latama.com\\\/de\\\/herault\\\/agde\\\/ein-bummel-ueber-einen-markt-in-agde-ein-lokales-vergnuegen-zum-geniessen\\\/\",\"url\":\"https:\\\/\\\/camping-latama.com\\\/de\\\/herault\\\/agde\\\/ein-bummel-ueber-einen-markt-in-agde-ein-lokales-vergnuegen-zum-geniessen\\\/\",\"name\":\"Markt in Agde: Tage, \u00d6ffnungszeiten und gute lokale Adressen\",\"isPartOf\":{\"@id\":\"https:\\\/\\\/camping-latama.com\\\/de\\\/#website\"},\"primaryImageOfPage\":{\"@id\":\"https:\\\/\\\/camping-latama.com\\\/de\\\/herault\\\/agde\\\/ein-bummel-ueber-einen-markt-in-agde-ein-lokales-vergnuegen-zum-geniessen\\\/#primaryimage\"},\"image\":{\"@id\":\"https:\\\/\\\/camping-latama.com\\\/de\\\/herault\\\/agde\\\/ein-bummel-ueber-einen-markt-in-agde-ein-lokales-vergnuegen-zum-geniessen\\\/#primaryimage\"},\"thumbnailUrl\":\"https:\\\/\\\/camping-latama.com\\\/wp-content\\\/uploads\\\/2026\\\/03\\\/marche-1.jpg\",\"datePublished\":\"2026-03-06T08:09:47+00:00\",\"author\":{\"@id\":\"https:\\\/\\\/camping-latama.com\\\/de\\\/#\\\/schema\\\/person\\\/5c5865bc2962a9073e655a35378b0889\"},\"description\":\"Entdecken Sie die M\u00e4rkte von Agde: Tage, Uhrzeiten, Atmosph\u00e4re, lokale Produkte und Tipps f\u00fcr einen kulinarischen und umweltbewussten Ausflug in den S\u00fcden.\",\"breadcrumb\":{\"@id\":\"https:\\\/\\\/camping-latama.com\\\/de\\\/herault\\\/agde\\\/ein-bummel-ueber-einen-markt-in-agde-ein-lokales-vergnuegen-zum-geniessen\\\/#breadcrumb\"},\"inLanguage\":\"de\",\"potentialAction\":[{\"@type\":\"ReadAction\",\"target\":[\"https:\\\/\\\/camping-latama.com\\\/de\\\/herault\\\/agde\\\/ein-bummel-ueber-einen-markt-in-agde-ein-lokales-vergnuegen-zum-geniessen\\\/\"]}]},{\"@type\":\"ImageObject\",\"inLanguage\":\"de\",\"@id\":\"https:\\\/\\\/camping-latama.com\\\/de\\\/herault\\\/agde\\\/ein-bummel-ueber-einen-markt-in-agde-ein-lokales-vergnuegen-zum-geniessen\\\/#primaryimage\",\"url\":\"https:\\\/\\\/camping-latama.com\\\/wp-content\\\/uploads\\\/2026\\\/03\\\/marche-1.jpg\",\"contentUrl\":\"https:\\\/\\\/camping-latama.com\\\/wp-content\\\/uploads\\\/2026\\\/03\\\/marche-1.jpg\",\"width\":1920,\"height\":715,\"caption\":\"Markt in Agde\"},{\"@type\":\"BreadcrumbList\",\"@id\":\"https:\\\/\\\/camping-latama.com\\\/de\\\/herault\\\/agde\\\/ein-bummel-ueber-einen-markt-in-agde-ein-lokales-vergnuegen-zum-geniessen\\\/#breadcrumb\",\"itemListElement\":[{\"@type\":\"ListItem\",\"position\":1,\"name\":\"Camping Cap d'Agde\",\"item\":\"https:\\\/\\\/camping-latama.com\\\/de\\\/startseite\\\/\"},{\"@type\":\"ListItem\",\"position\":2,\"name\":\"Herault\",\"item\":\"https:\\\/\\\/camping-latama.com\\\/de\\\/herault\\\/\"},{\"@type\":\"ListItem\",\"position\":3,\"name\":\"Agde\",\"item\":\"https:\\\/\\\/camping-latama.com\\\/de\\\/herault\\\/agde\\\/\"},{\"@type\":\"ListItem\",\"position\":4,\"name\":\"M\u00e4rkte in Agde: Tage und praktische Informationen\"}]},{\"@type\":\"WebSite\",\"@id\":\"https:\\\/\\\/camping-latama.com\\\/de\\\/#website\",\"url\":\"https:\\\/\\\/camping-latama.com\\\/de\\\/\",\"name\":\"Camping La Tamarissi\u00e8re\",\"description\":\"\",\"potentialAction\":[{\"@type\":\"SearchAction\",\"target\":{\"@type\":\"EntryPoint\",\"urlTemplate\":\"https:\\\/\\\/camping-latama.com\\\/de\\\/?s={search_term_string}\"},\"query-input\":{\"@type\":\"PropertyValueSpecification\",\"valueRequired\":true,\"valueName\":\"search_term_string\"}}],\"inLanguage\":\"de\"},{\"@type\":\"Person\",\"@id\":\"https:\\\/\\\/camping-latama.com\\\/de\\\/#\\\/schema\\\/person\\\/5c5865bc2962a9073e655a35378b0889\",\"name\":\"Camping la Tamarissiere\",\"image\":{\"@type\":\"ImageObject\",\"inLanguage\":\"de\",\"@id\":\"https:\\\/\\\/secure.gravatar.com\\\/avatar\\\/242a1bc4b662f1f45b7599579d22ad28dd1d731e84d15dab387bff556238716e?s=96&d=mm&r=g\",\"url\":\"https:\\\/\\\/secure.gravatar.com\\\/avatar\\\/242a1bc4b662f1f45b7599579d22ad28dd1d731e84d15dab387bff556238716e?s=96&d=mm&r=g\",\"contentUrl\":\"https:\\\/\\\/secure.gravatar.com\\\/avatar\\\/242a1bc4b662f1f45b7599579d22ad28dd1d731e84d15dab387bff556238716e?s=96&d=mm&r=g\",\"caption\":\"Camping la Tamarissiere\"}}]}<\/script>\n<!-- \/ Yoast SEO plugin. -->","yoast_head_json":{"title":"Markt in Agde: Tage, \u00d6ffnungszeiten und gute lokale Adressen","description":"Entdecken Sie die M\u00e4rkte von Agde: Tage, Uhrzeiten, Atmosph\u00e4re, lokale Produkte und Tipps f\u00fcr einen kulinarischen und umweltbewussten Ausflug in den S\u00fcden.","robots":{"index":"index","follow":"follow","max-snippet":"max-snippet:-1","max-image-preview":"max-image-preview:large","max-video-preview":"max-video-preview:-1"},"canonical":"https:\/\/camping-latama.com\/de\/herault\/agde\/ein-bummel-ueber-einen-markt-in-agde-ein-lokales-vergnuegen-zum-geniessen\/","og_locale":"de_DE","og_type":"article","og_title":"Markt in Agde: Tage, \u00d6ffnungszeiten und gute lokale Adressen","og_description":"Entdecken Sie die M\u00e4rkte von Agde: Tage, Uhrzeiten, Atmosph\u00e4re, lokale Produkte und Tipps f\u00fcr einen kulinarischen und umweltbewussten Ausflug in den S\u00fcden.","og_url":"https:\/\/camping-latama.com\/de\/herault\/agde\/ein-bummel-ueber-einen-markt-in-agde-ein-lokales-vergnuegen-zum-geniessen\/","og_site_name":"Camping La Tama","article_published_time":"2026-03-06T08:09:47+00:00","og_image":[{"width":1920,"height":715,"url":"https:\/\/camping-latama.com\/wp-content\/uploads\/2026\/03\/marche-1.jpg","type":"image\/jpeg"}],"author":"Camping la Tamarissiere","twitter_card":"summary_large_image","twitter_misc":{"Verfasst von":"Camping la Tamarissiere","Gesch\u00e4tzte Lesezeit":"6\u00a0Minuten"},"schema":{"@context":"https:\/\/schema.org","@graph":[{"@type":"Article","@id":"https:\/\/camping-latama.com\/de\/herault\/agde\/ein-bummel-ueber-einen-markt-in-agde-ein-lokales-vergnuegen-zum-geniessen\/#article","isPartOf":{"@id":"https:\/\/camping-latama.com\/de\/herault\/agde\/ein-bummel-ueber-einen-markt-in-agde-ein-lokales-vergnuegen-zum-geniessen\/"},"author":{"name":"Camping la Tamarissiere","@id":"https:\/\/camping-latama.com\/de\/#\/schema\/person\/5c5865bc2962a9073e655a35378b0889"},"headline":"Ein Bummel \u00fcber einen Markt in Agde: ein lokales Vergn\u00fcgen zum Genie\u00dfen","datePublished":"2026-03-06T08:09:47+00:00","mainEntityOfPage":{"@id":"https:\/\/camping-latama.com\/de\/herault\/agde\/ein-bummel-ueber-einen-markt-in-agde-ein-lokales-vergnuegen-zum-geniessen\/"},"wordCount":1216,"commentCount":0,"image":{"@id":"https:\/\/camping-latama.com\/de\/herault\/agde\/ein-bummel-ueber-einen-markt-in-agde-ein-lokales-vergnuegen-zum-geniessen\/#primaryimage"},"thumbnailUrl":"https:\/\/camping-latama.com\/wp-content\/uploads\/2026\/03\/marche-1.jpg","articleSection":["Agde"],"inLanguage":"de","potentialAction":[{"@type":"CommentAction","name":"Comment","target":["https:\/\/camping-latama.com\/de\/herault\/agde\/ein-bummel-ueber-einen-markt-in-agde-ein-lokales-vergnuegen-zum-geniessen\/#respond"]}]},{"@type":"WebPage","@id":"https:\/\/camping-latama.com\/de\/herault\/agde\/ein-bummel-ueber-einen-markt-in-agde-ein-lokales-vergnuegen-zum-geniessen\/","url":"https:\/\/camping-latama.com\/de\/herault\/agde\/ein-bummel-ueber-einen-markt-in-agde-ein-lokales-vergnuegen-zum-geniessen\/","name":"Markt in Agde: Tage, \u00d6ffnungszeiten und gute lokale Adressen","isPartOf":{"@id":"https:\/\/camping-latama.com\/de\/#website"},"primaryImageOfPage":{"@id":"https:\/\/camping-latama.com\/de\/herault\/agde\/ein-bummel-ueber-einen-markt-in-agde-ein-lokales-vergnuegen-zum-geniessen\/#primaryimage"},"image":{"@id":"https:\/\/camping-latama.com\/de\/herault\/agde\/ein-bummel-ueber-einen-markt-in-agde-ein-lokales-vergnuegen-zum-geniessen\/#primaryimage"},"thumbnailUrl":"https:\/\/camping-latama.com\/wp-content\/uploads\/2026\/03\/marche-1.jpg","datePublished":"2026-03-06T08:09:47+00:00","author":{"@id":"https:\/\/camping-latama.com\/de\/#\/schema\/person\/5c5865bc2962a9073e655a35378b0889"},"description":"Entdecken Sie die M\u00e4rkte von Agde: Tage, Uhrzeiten, Atmosph\u00e4re, lokale Produkte und Tipps f\u00fcr einen kulinarischen und umweltbewussten Ausflug in den S\u00fcden.","breadcrumb":{"@id":"https:\/\/camping-latama.com\/de\/herault\/agde\/ein-bummel-ueber-einen-markt-in-agde-ein-lokales-vergnuegen-zum-geniessen\/#breadcrumb"},"inLanguage":"de","potentialAction":[{"@type":"ReadAction","target":["https:\/\/camping-latama.com\/de\/herault\/agde\/ein-bummel-ueber-einen-markt-in-agde-ein-lokales-vergnuegen-zum-geniessen\/"]}]},{"@type":"ImageObject","inLanguage":"de","@id":"https:\/\/camping-latama.com\/de\/herault\/agde\/ein-bummel-ueber-einen-markt-in-agde-ein-lokales-vergnuegen-zum-geniessen\/#primaryimage","url":"https:\/\/camping-latama.com\/wp-content\/uploads\/2026\/03\/marche-1.jpg","contentUrl":"https:\/\/camping-latama.com\/wp-content\/uploads\/2026\/03\/marche-1.jpg","width":1920,"height":715,"caption":"Markt in Agde"},{"@type":"BreadcrumbList","@id":"https:\/\/camping-latama.com\/de\/herault\/agde\/ein-bummel-ueber-einen-markt-in-agde-ein-lokales-vergnuegen-zum-geniessen\/#breadcrumb","itemListElement":[{"@type":"ListItem","position":1,"name":"Camping Cap d'Agde","item":"https:\/\/camping-latama.com\/de\/startseite\/"},{"@type":"ListItem","position":2,"name":"Herault","item":"https:\/\/camping-latama.com\/de\/herault\/"},{"@type":"ListItem","position":3,"name":"Agde","item":"https:\/\/camping-latama.com\/de\/herault\/agde\/"},{"@type":"ListItem","position":4,"name":"M\u00e4rkte in Agde: Tage und praktische Informationen"}]},{"@type":"WebSite","@id":"https:\/\/camping-latama.com\/de\/#website","url":"https:\/\/camping-latama.com\/de\/","name":"Camping La Tamarissi\u00e8re","description":"","potentialAction":[{"@type":"SearchAction","target":{"@type":"EntryPoint","urlTemplate":"https:\/\/camping-latama.com\/de\/?s={search_term_string}"},"query-input":{"@type":"PropertyValueSpecification","valueRequired":true,"valueName":"search_term_string"}}],"inLanguage":"de"},{"@type":"Person","@id":"https:\/\/camping-latama.com\/de\/#\/schema\/person\/5c5865bc2962a9073e655a35378b0889","name":"Camping la Tamarissiere","image":{"@type":"ImageObject","inLanguage":"de","@id":"https:\/\/secure.gravatar.com\/avatar\/242a1bc4b662f1f45b7599579d22ad28dd1d731e84d15dab387bff556238716e?s=96&d=mm&r=g","url":"https:\/\/secure.gravatar.com\/avatar\/242a1bc4b662f1f45b7599579d22ad28dd1d731e84d15dab387bff556238716e?s=96&d=mm&r=g","contentUrl":"https:\/\/secure.gravatar.com\/avatar\/242a1bc4b662f1f45b7599579d22ad28dd1d731e84d15dab387bff556238716e?s=96&d=mm&r=g","caption":"Camping la Tamarissiere"}}]}},"_links":{"self":[{"href":"https:\/\/camping-latama.com\/de\/wp-json\/wp\/v2\/posts\/75648","targetHints":{"allow":["GET"]}}],"collection":[{"href":"https:\/\/camping-latama.com\/de\/wp-json\/wp\/v2\/posts"}],"about":[{"href":"https:\/\/camping-latama.com\/de\/wp-json\/wp\/v2\/types\/post"}],"author":[{"embeddable":true,"href":"https:\/\/camping-latama.com\/de\/wp-json\/wp\/v2\/users\/5"}],"replies":[{"embeddable":true,"href":"https:\/\/camping-latama.com\/de\/wp-json\/wp\/v2\/comments?post=75648"}],"version-history":[{"count":0,"href":"https:\/\/camping-latama.com\/de\/wp-json\/wp\/v2\/posts\/75648\/revisions"}],"wp:featuredmedia":[{"embeddable":true,"href":"https:\/\/camping-latama.com\/de\/wp-json\/wp\/v2\/media\/75652"}],"wp:attachment":[{"href":"https:\/\/camping-latama.com\/de\/wp-json\/wp\/v2\/media?parent=75648"}],"wp:term":[{"taxonomy":"category","embeddable":true,"href":"https:\/\/camping-latama.com\/de\/wp-json\/wp\/v2\/categories?post=75648"},{"taxonomy":"post_tag","embeddable":true,"href":"https:\/\/camping-latama.com\/de\/wp-json\/wp\/v2\/tags?post=75648"}],"curies":[{"name":"wp","href":"https:\/\/api.w.org\/{rel}","templated":true}]}}